{"id":841,"date":"2019-11-22T20:15:17","date_gmt":"2019-11-23T02:15:17","guid":{"rendered":"https:\/\/thehypegeek.com\/?p=841"},"modified":"2019-11-22T20:15:18","modified_gmt":"2019-11-23T02:15:18","slug":"michael-jackson-tendra-pelicula","status":"publish","type":"post","link":"https:\/\/thehypegeek.com\/index.php\/michael-jackson-tendra-pelicula\/","title":{"rendered":"Productor de &#8220;Bohemian Rhapsody&#8221; trabajar\u00e1 en pel\u00edcula sobre la vida de Michael Jackson"},"content":{"rendered":"\n<h2 class=\"wp-block-heading\">La cinta relatar\u00e1 la vida de Michael Jackson, El \u201cRey del Pop\u201d y no ser\u00e1 suavizada para el p\u00fablico, adem\u00e1s contar\u00e1 pasajes duros de la historia del cantante.<\/h2>\n\n\n\n<p>El productor Graham King, de la cinta Bohemian Rhapsody, cuya trama se enfoc\u00f3 en el grupo musical Queen, principalmente en\u00a0<strong>Freddy Mercury<\/strong>, asegur\u00f3 un acuerdo con la familia de\u00a0Michael Jackson\u00a0para llevar a cabo una <a href=\"https:\/\/thehypegeek.com\/index.php\/the-call-of-the-wild-nuevo-trailer\/\">pel\u00edcula<\/a> basada en la vida del rey del pop.<\/p>\n\n\n\n<p>Seg\u00fan inform\u00f3 <a href=\"https:\/\/deadline.com\/2019\/11\/michael-jackson-movie-bohemian-rhapsody-producer-john-logan-graham-king-1202792922\/\">Deadline<\/a>, la productora GK Films, que pertenece al mismo cineasta, adquiri\u00f3 los derechos musicales de toda la discograf\u00eda del\u00a0cantante, por lo que miles de fan\u00e1ticos podr\u00e1n escuchar sus \u00e9xitos en el largometraje. <\/p>\n\n\n\n<p>Junto a\u00a0<strong>King\u00a0<\/strong>trabajar\u00e1 el guionista y escitor\u00a0<strong>John Logan<\/strong>\u00a0(&#8220;Gladiator&#8221; y &#8220;The Aviator&#8221;), con el encargo de elaborar un filme que narrar\u00e1 al completo la compleja vida de Jackson, desde sus inicios en la industria musical, cuando era un ni\u00f1o, hasta su tr\u00e1gica muerte a los 50 a\u00f1os considerado como el\u00a0<strong>&#8220;Rey del Pop&#8221;<\/strong>, inform\u00f3 este viernes una exclusiva del medio especializado Deadline.<\/p>\n\n\n\n<div class=\"wp-block-image\"><figure class=\"aligncenter\"><img loading=\"lazy\" decoding=\"async\" width=\"681\" height=\"383\" src=\"https:\/\/thehypegeek.com\/wp-content\/uploads\/2019\/11\/michael-jackson-fi.jpg\" alt=\"Michael Jackson\" class=\"wp-image-842\" srcset=\"https:\/\/thehypegeek.com\/wp-content\/uploads\/2019\/11\/michael-jackson-fi.jpg 681w, https:\/\/thehypegeek.com\/wp-content\/uploads\/2019\/11\/michael-jackson-fi-300x169.jpg 300w\" sizes=\"auto, (max-width: 681px) 100vw, 681px\" \/><figcaption>Michael Jackson<\/figcaption><\/figure><\/div>\n\n\n\n<p>Fuentes  aseguran que la pel\u00edcula, en fase de preparaci\u00f3n,\u00a0no pretende ser un retrato &#8220;dulce&#8221; de la vida del artista, sino tambi\u00e9n abarcar sus partes pol\u00e9micas y controvertidas.\u00a0El proyecto a\u00fan no se ha adjudicado a ning\u00fan estudio para que inicie el rodaje, pero se espera que se confirme alguna en los pr\u00f3ximos meses.<\/p>\n\n\n\n<p> La idea de esta pel\u00edcula llega justo despu\u00e9s de que este mismo a\u00f1o se estrenase &#8220;<strong>Leaving Neverland<\/strong>&#8220;, un documental que explora las acusaciones de abuso sexual infantil contra Jackson y que recoge testimonios de var\u00edas presuntas v\u00edctimas y testigos de los incidentes que se atribuye ocurr\u00edan en la popular residencia del cantante.<\/p>\n\n\n\n<p>D\u00e9janos saber tu opini\u00f3n y recuerda seguirnos en nuestras redes\nsociales:<\/p>\n\n\n\n<p>Facebook:\u00a0<a href=\"https:\/\/www.facebook.com\/THG506\">The Hype Geek LATAM<\/a><br>Instagram: @crthehype<br>Youtube: The Hype Geek LATAM<\/p>\n","protected":false},"excerpt":{"rendered":"<p>La cinta relatar\u00e1 la vida de Michael Jackson, El \u201cRey del Pop\u201d y no ser\u00e1 suavizada para el p\u00fablico, adem\u00e1s&hellip;<\/p>\n","protected":false},"author":1,"featured_media":845,"comment_status":"open","ping_status":"open","sticky":false,"template":"","format":"standard","meta":{"footnotes":""},"categories":[8],"tags":[269,271,268,270],"class_list":["post-841","post","type-post","status-publish","format-standard","has-post-thumbnail","hentry","category-cine-y-tv","tag-bohemian-rhapsody","tag-leaving-neverland","tag-michael-jackson","tag-queen"],"yoast_head":"<!-- This site is optimized with the Yoast SEO plugin v27.3 - https:\/\/yoast.com\/product\/yoast-seo-wordpress\/ -->\n<title>Productor de &quot;Bohemian Rhapsody&quot; trabajar\u00e1 en pel\u00edcula sobre la vida de Michael Jackson<\/title>\n<meta name=\"description\" content=\"El productor Graham King (Bohemian Rhapsody), firma un acuerdo con la familia de Michael Jackson para llevar a cabo una pel\u00edcula basada en el artista\" \/>\n<meta name=\"robots\" content=\"index, follow, max-snippet:-1, max-image-preview:large, max-video-preview:-1\" \/>\n<link rel=\"canonical\" href=\"https:\/\/thehypegeek.com\/index.php\/michael-jackson-tendra-pelicula\/\" \/>\n<meta name=\"twitter:label1\" content=\"Written by\" \/>\n\t<meta name=\"twitter:data1\" content=\"Jose Villarreal\" \/>\n\t<meta name=\"twitter:label2\" content=\"Est. reading time\" \/>\n\t<meta name=\"twitter:data2\" content=\"2 minutos\" \/>\n<script type=\"application\/ld+json\" class=\"yoast-schema-graph\">{\"@context\":\"https:\\\/\\\/schema.org\",\"@graph\":[{\"@type\":\"Article\",\"@id\":\"https:\\\/\\\/thehypegeek.com\\\/index.php\\\/michael-jackson-tendra-pelicula\\\/#article\",\"isPartOf\":{\"@id\":\"https:\\\/\\\/thehypegeek.com\\\/index.php\\\/michael-jackson-tendra-pelicula\\\/\"},\"author\":{\"name\":\"Jose Villarreal\",\"@id\":\"https:\\\/\\\/thehypegeek.com\\\/#\\\/schema\\\/person\\\/cba8a8e4df3fd0fa4f7c9c021126e2d7\"},\"headline\":\"Productor de &#8220;Bohemian Rhapsody&#8221; trabajar\u00e1 en pel\u00edcula sobre la vida de Michael Jackson\",\"datePublished\":\"2019-11-23T02:15:17+00:00\",\"dateModified\":\"2019-11-23T02:15:18+00:00\",\"mainEntityOfPage\":{\"@id\":\"https:\\\/\\\/thehypegeek.com\\\/index.php\\\/michael-jackson-tendra-pelicula\\\/\"},\"wordCount\":340,\"commentCount\":0,\"publisher\":{\"@id\":\"https:\\\/\\\/thehypegeek.com\\\/#organization\"},\"image\":{\"@id\":\"https:\\\/\\\/thehypegeek.com\\\/index.php\\\/michael-jackson-tendra-pelicula\\\/#primaryimage\"},\"thumbnailUrl\":\"https:\\\/\\\/thehypegeek.com\\\/wp-content\\\/uploads\\\/2019\\\/11\\\/Michael-Jackson-Poster-King-of-Pop-Music.jpg\",\"keywords\":[\"Bohemian Rhapsody\",\"Leaving Neverland\",\"Michael Jackson\",\"Queen\"],\"articleSection\":[\"cine y tv\"],\"inLanguage\":\"es-CR\",\"potentialAction\":[{\"@type\":\"CommentAction\",\"name\":\"Comment\",\"target\":[\"https:\\\/\\\/thehypegeek.com\\\/index.php\\\/michael-jackson-tendra-pelicula\\\/#respond\"]}]},{\"@type\":\"WebPage\",\"@id\":\"https:\\\/\\\/thehypegeek.com\\\/index.php\\\/michael-jackson-tendra-pelicula\\\/\",\"url\":\"https:\\\/\\\/thehypegeek.com\\\/index.php\\\/michael-jackson-tendra-pelicula\\\/\",\"name\":\"Productor de \\\"Bohemian Rhapsody\\\" trabajar\u00e1 en pel\u00edcula sobre la vida de Michael Jackson\",\"isPartOf\":{\"@id\":\"https:\\\/\\\/thehypegeek.com\\\/#website\"},\"primaryImageOfPage\":{\"@id\":\"https:\\\/\\\/thehypegeek.com\\\/index.php\\\/michael-jackson-tendra-pelicula\\\/#primaryimage\"},\"image\":{\"@id\":\"https:\\\/\\\/thehypegeek.com\\\/index.php\\\/michael-jackson-tendra-pelicula\\\/#primaryimage\"},\"thumbnailUrl\":\"https:\\\/\\\/thehypegeek.com\\\/wp-content\\\/uploads\\\/2019\\\/11\\\/Michael-Jackson-Poster-King-of-Pop-Music.jpg\",\"datePublished\":\"2019-11-23T02:15:17+00:00\",\"dateModified\":\"2019-11-23T02:15:18+00:00\",\"description\":\"El productor Graham King (Bohemian Rhapsody), firma un acuerdo con la familia de Michael Jackson para llevar a cabo una pel\u00edcula basada en el artista\",\"breadcrumb\":{\"@id\":\"https:\\\/\\\/thehypegeek.com\\\/index.php\\\/michael-jackson-tendra-pelicula\\\/#breadcrumb\"},\"inLanguage\":\"es-CR\",\"potentialAction\":[{\"@type\":\"ReadAction\",\"target\":[\"https:\\\/\\\/thehypegeek.com\\\/index.php\\\/michael-jackson-tendra-pelicula\\\/\"]}]},{\"@type\":\"ImageObject\",\"inLanguage\":\"es-CR\",\"@id\":\"https:\\\/\\\/thehypegeek.com\\\/index.php\\\/michael-jackson-tendra-pelicula\\\/#primaryimage\",\"url\":\"https:\\\/\\\/thehypegeek.com\\\/wp-content\\\/uploads\\\/2019\\\/11\\\/Michael-Jackson-Poster-King-of-Pop-Music.jpg\",\"contentUrl\":\"https:\\\/\\\/thehypegeek.com\\\/wp-content\\\/uploads\\\/2019\\\/11\\\/Michael-Jackson-Poster-King-of-Pop-Music.jpg\",\"width\":1000,\"height\":563},{\"@type\":\"BreadcrumbList\",\"@id\":\"https:\\\/\\\/thehypegeek.com\\\/index.php\\\/michael-jackson-tendra-pelicula\\\/#breadcrumb\",\"itemListElement\":[{\"@type\":\"ListItem\",\"position\":1,\"name\":\"Home\",\"item\":\"https:\\\/\\\/thehypegeek.com\\\/\"},{\"@type\":\"ListItem\",\"position\":2,\"name\":\"Productor de &#8220;Bohemian Rhapsody&#8221; trabajar\u00e1 en pel\u00edcula sobre la vida de Michael Jackson\"}]},{\"@type\":\"WebSite\",\"@id\":\"https:\\\/\\\/thehypegeek.com\\\/#website\",\"url\":\"https:\\\/\\\/thehypegeek.com\\\/\",\"name\":\"The Hype Geek\",\"description\":\"The Hype Geek\",\"publisher\":{\"@id\":\"https:\\\/\\\/thehypegeek.com\\\/#organization\"},\"potentialAction\":[{\"@type\":\"SearchAction\",\"target\":{\"@type\":\"EntryPoint\",\"urlTemplate\":\"https:\\\/\\\/thehypegeek.com\\\/?s={search_term_string}\"},\"query-input\":{\"@type\":\"PropertyValueSpecification\",\"valueRequired\":true,\"valueName\":\"search_term_string\"}}],\"inLanguage\":\"es-CR\"},{\"@type\":\"Organization\",\"@id\":\"https:\\\/\\\/thehypegeek.com\\\/#organization\",\"name\":\"The Hype Geek\",\"url\":\"https:\\\/\\\/thehypegeek.com\\\/\",\"logo\":{\"@type\":\"ImageObject\",\"inLanguage\":\"es-CR\",\"@id\":\"https:\\\/\\\/thehypegeek.com\\\/#\\\/schema\\\/logo\\\/image\\\/\",\"url\":\"https:\\\/\\\/thehypegeek.com\\\/wp-content\\\/uploads\\\/2023\\\/03\\\/unnamed-1.png\",\"contentUrl\":\"https:\\\/\\\/thehypegeek.com\\\/wp-content\\\/uploads\\\/2023\\\/03\\\/unnamed-1.png\",\"width\":210,\"height\":100,\"caption\":\"The Hype Geek\"},\"image\":{\"@id\":\"https:\\\/\\\/thehypegeek.com\\\/#\\\/schema\\\/logo\\\/image\\\/\"},\"sameAs\":[\"https:\\\/\\\/www.facebook.com\\\/THG506\"]},{\"@type\":\"Person\",\"@id\":\"https:\\\/\\\/thehypegeek.com\\\/#\\\/schema\\\/person\\\/cba8a8e4df3fd0fa4f7c9c021126e2d7\",\"name\":\"Jose Villarreal\",\"image\":{\"@type\":\"ImageObject\",\"inLanguage\":\"es-CR\",\"@id\":\"https:\\\/\\\/secure.gravatar.com\\\/avatar\\\/4179af262013644e6df8aaefa813f5a7678766919634dde586531a1bba7edfdd?s=96&d=mm&r=g\",\"url\":\"https:\\\/\\\/secure.gravatar.com\\\/avatar\\\/4179af262013644e6df8aaefa813f5a7678766919634dde586531a1bba7edfdd?s=96&d=mm&r=g\",\"contentUrl\":\"https:\\\/\\\/secure.gravatar.com\\\/avatar\\\/4179af262013644e6df8aaefa813f5a7678766919634dde586531a1bba7edfdd?s=96&d=mm&r=g\",\"caption\":\"Jose Villarreal\"},\"description\":\"Docente,entusiasta del PC gaming, los e-sports, la escritura, el cine, la m\u00fasica, el baile, la cultura popular\\\/geek y el periodismo. \u00bfVan en ese orden? \u00bfTienen alg\u00fan orden? Todas esas palabras me definen de alg\u00fan modo.\",\"url\":\"https:\\\/\\\/thehypegeek.com\\\/index.php\\\/author\\\/admin\\\/\"}]}<\/script>\n<!-- \/ Yoast SEO plugin. -->","yoast_head_json":{"title":"Productor de \"Bohemian Rhapsody\" trabajar\u00e1 en pel\u00edcula sobre la vida de Michael Jackson","description":"El productor Graham King (Bohemian Rhapsody), firma un acuerdo con la familia de Michael Jackson para llevar a cabo una pel\u00edcula basada en el artista","robots":{"index":"index","follow":"follow","max-snippet":"max-snippet:-1","max-image-preview":"max-image-preview:large","max-video-preview":"max-video-preview:-1"},"canonical":"https:\/\/thehypegeek.com\/index.php\/michael-jackson-tendra-pelicula\/","twitter_misc":{"Written by":"Jose Villarreal","Est. reading time":"2 minutos"},"schema":{"@context":"https:\/\/schema.org","@graph":[{"@type":"Article","@id":"https:\/\/thehypegeek.com\/index.php\/michael-jackson-tendra-pelicula\/#article","isPartOf":{"@id":"https:\/\/thehypegeek.com\/index.php\/michael-jackson-tendra-pelicula\/"},"author":{"name":"Jose Villarreal","@id":"https:\/\/thehypegeek.com\/#\/schema\/person\/cba8a8e4df3fd0fa4f7c9c021126e2d7"},"headline":"Productor de &#8220;Bohemian Rhapsody&#8221; trabajar\u00e1 en pel\u00edcula sobre la vida de Michael Jackson","datePublished":"2019-11-23T02:15:17+00:00","dateModified":"2019-11-23T02:15:18+00:00","mainEntityOfPage":{"@id":"https:\/\/thehypegeek.com\/index.php\/michael-jackson-tendra-pelicula\/"},"wordCount":340,"commentCount":0,"publisher":{"@id":"https:\/\/thehypegeek.com\/#organization"},"image":{"@id":"https:\/\/thehypegeek.com\/index.php\/michael-jackson-tendra-pelicula\/#primaryimage"},"thumbnailUrl":"https:\/\/thehypegeek.com\/wp-content\/uploads\/2019\/11\/Michael-Jackson-Poster-King-of-Pop-Music.jpg","keywords":["Bohemian Rhapsody","Leaving Neverland","Michael Jackson","Queen"],"articleSection":["cine y tv"],"inLanguage":"es-CR","potentialAction":[{"@type":"CommentAction","name":"Comment","target":["https:\/\/thehypegeek.com\/index.php\/michael-jackson-tendra-pelicula\/#respond"]}]},{"@type":"WebPage","@id":"https:\/\/thehypegeek.com\/index.php\/michael-jackson-tendra-pelicula\/","url":"https:\/\/thehypegeek.com\/index.php\/michael-jackson-tendra-pelicula\/","name":"Productor de \"Bohemian Rhapsody\" trabajar\u00e1 en pel\u00edcula sobre la vida de Michael Jackson","isPartOf":{"@id":"https:\/\/thehypegeek.com\/#website"},"primaryImageOfPage":{"@id":"https:\/\/thehypegeek.com\/index.php\/michael-jackson-tendra-pelicula\/#primaryimage"},"image":{"@id":"https:\/\/thehypegeek.com\/index.php\/michael-jackson-tendra-pelicula\/#primaryimage"},"thumbnailUrl":"https:\/\/thehypegeek.com\/wp-content\/uploads\/2019\/11\/Michael-Jackson-Poster-King-of-Pop-Music.jpg","datePublished":"2019-11-23T02:15:17+00:00","dateModified":"2019-11-23T02:15:18+00:00","description":"El productor Graham King (Bohemian Rhapsody), firma un acuerdo con la familia de Michael Jackson para llevar a cabo una pel\u00edcula basada en el artista","breadcrumb":{"@id":"https:\/\/thehypegeek.com\/index.php\/michael-jackson-tendra-pelicula\/#breadcrumb"},"inLanguage":"es-CR","potentialAction":[{"@type":"ReadAction","target":["https:\/\/thehypegeek.com\/index.php\/michael-jackson-tendra-pelicula\/"]}]},{"@type":"ImageObject","inLanguage":"es-CR","@id":"https:\/\/thehypegeek.com\/index.php\/michael-jackson-tendra-pelicula\/#primaryimage","url":"https:\/\/thehypegeek.com\/wp-content\/uploads\/2019\/11\/Michael-Jackson-Poster-King-of-Pop-Music.jpg","contentUrl":"https:\/\/thehypegeek.com\/wp-content\/uploads\/2019\/11\/Michael-Jackson-Poster-King-of-Pop-Music.jpg","width":1000,"height":563},{"@type":"BreadcrumbList","@id":"https:\/\/thehypegeek.com\/index.php\/michael-jackson-tendra-pelicula\/#breadcrumb","itemListElement":[{"@type":"ListItem","position":1,"name":"Home","item":"https:\/\/thehypegeek.com\/"},{"@type":"ListItem","position":2,"name":"Productor de &#8220;Bohemian Rhapsody&#8221; trabajar\u00e1 en pel\u00edcula sobre la vida de Michael Jackson"}]},{"@type":"WebSite","@id":"https:\/\/thehypegeek.com\/#website","url":"https:\/\/thehypegeek.com\/","name":"The Hype Geek","description":"The Hype Geek","publisher":{"@id":"https:\/\/thehypegeek.com\/#organization"},"potentialAction":[{"@type":"SearchAction","target":{"@type":"EntryPoint","urlTemplate":"https:\/\/thehypegeek.com\/?s={search_term_string}"},"query-input":{"@type":"PropertyValueSpecification","valueRequired":true,"valueName":"search_term_string"}}],"inLanguage":"es-CR"},{"@type":"Organization","@id":"https:\/\/thehypegeek.com\/#organization","name":"The Hype Geek","url":"https:\/\/thehypegeek.com\/","logo":{"@type":"ImageObject","inLanguage":"es-CR","@id":"https:\/\/thehypegeek.com\/#\/schema\/logo\/image\/","url":"https:\/\/thehypegeek.com\/wp-content\/uploads\/2023\/03\/unnamed-1.png","contentUrl":"https:\/\/thehypegeek.com\/wp-content\/uploads\/2023\/03\/unnamed-1.png","width":210,"height":100,"caption":"The Hype Geek"},"image":{"@id":"https:\/\/thehypegeek.com\/#\/schema\/logo\/image\/"},"sameAs":["https:\/\/www.facebook.com\/THG506"]},{"@type":"Person","@id":"https:\/\/thehypegeek.com\/#\/schema\/person\/cba8a8e4df3fd0fa4f7c9c021126e2d7","name":"Jose Villarreal","image":{"@type":"ImageObject","inLanguage":"es-CR","@id":"https:\/\/secure.gravatar.com\/avatar\/4179af262013644e6df8aaefa813f5a7678766919634dde586531a1bba7edfdd?s=96&d=mm&r=g","url":"https:\/\/secure.gravatar.com\/avatar\/4179af262013644e6df8aaefa813f5a7678766919634dde586531a1bba7edfdd?s=96&d=mm&r=g","contentUrl":"https:\/\/secure.gravatar.com\/avatar\/4179af262013644e6df8aaefa813f5a7678766919634dde586531a1bba7edfdd?s=96&d=mm&r=g","caption":"Jose Villarreal"},"description":"Docente,entusiasta del PC gaming, los e-sports, la escritura, el cine, la m\u00fasica, el baile, la cultura popular\/geek y el periodismo. \u00bfVan en ese orden? \u00bfTienen alg\u00fan orden? Todas esas palabras me definen de alg\u00fan modo.","url":"https:\/\/thehypegeek.com\/index.php\/author\/admin\/"}]}},"_links":{"self":[{"href":"https:\/\/thehypegeek.com\/index.php\/wp-json\/wp\/v2\/posts\/841","targetHints":{"allow":["GET"]}}],"collection":[{"href":"https:\/\/thehypegeek.com\/index.php\/wp-json\/wp\/v2\/posts"}],"about":[{"href":"https:\/\/thehypegeek.com\/index.php\/wp-json\/wp\/v2\/types\/post"}],"author":[{"embeddable":true,"href":"https:\/\/thehypegeek.com\/index.php\/wp-json\/wp\/v2\/users\/1"}],"replies":[{"embeddable":true,"href":"https:\/\/thehypegeek.com\/index.php\/wp-json\/wp\/v2\/comments?post=841"}],"version-history":[{"count":2,"href":"https:\/\/thehypegeek.com\/index.php\/wp-json\/wp\/v2\/posts\/841\/revisions"}],"predecessor-version":[{"id":846,"href":"https:\/\/thehypegeek.com\/index.php\/wp-json\/wp\/v2\/posts\/841\/revisions\/846"}],"wp:featuredmedia":[{"embeddable":true,"href":"https:\/\/thehypegeek.com\/index.php\/wp-json\/wp\/v2\/media\/845"}],"wp:attachment":[{"href":"https:\/\/thehypegeek.com\/index.php\/wp-json\/wp\/v2\/media?parent=841"}],"wp:term":[{"taxonomy":"category","embeddable":true,"href":"https:\/\/thehypegeek.com\/index.php\/wp-json\/wp\/v2\/categories?post=841"},{"taxonomy":"post_tag","embeddable":true,"href":"https:\/\/thehypegeek.com\/index.php\/wp-json\/wp\/v2\/tags?post=841"}],"curies":[{"name":"wp","href":"https:\/\/api.w.org\/{rel}","templated":true}]}}