{"id":748,"date":"2019-11-15T16:01:01","date_gmt":"2019-11-15T22:01:01","guid":{"rendered":"https:\/\/thehypegeek.com\/?p=748"},"modified":"2019-11-15T16:01:01","modified_gmt":"2019-11-15T22:01:01","slug":"marvel-comics-nebula-protagonizara-su-propia-serie-en-solitario","status":"publish","type":"post","link":"https:\/\/thehypegeek.com\/index.php\/marvel-comics-nebula-protagonizara-su-propia-serie-en-solitario\/","title":{"rendered":"Marvel C\u00f3mics: Nebula protagonizar\u00e1 su propia serie en solitario"},"content":{"rendered":"\n<h2 class=\"wp-block-heading\">A principios del pr\u00f3ximo a\u00f1o, Marvel C\u00f3mics tendr\u00e1 disponible la primer serie en solitario de Nebula.<\/h2>\n\n\n\n<p>En febrero de 2020 Nebula aterrizar\u00e1 en solitario con su propia serie Marvel Comics. La serie limitada de seis partes est\u00e1 escrita por\u00a0<a rel=\"noreferrer noopener\" href=\"https:\/\/twitter.com\/definitelyvita\" target=\"_blank\">Vita Ayala<\/a>\u00a0(Prisoner X) y cuenta con el arte de Claire Roe (Fearless). La historia seguir\u00e1 a Nebula, que persigue lo que se describe como un<em>\u00a0\u201cdispositivo secreto\u201d<\/em>. Sin embargo, para tenerlo en sus manos, tendr\u00e1 que ir un paso adelante de uno de los cazarrecompensas m\u00e1s infames de la galaxia. <\/p>\n\n\n\n<div class=\"wp-block-image\"><figure class=\"aligncenter\"><img loading=\"lazy\" decoding=\"async\" width=\"675\" height=\"1024\" src=\"https:\/\/thehypegeek.com\/wp-content\/uploads\/2019\/11\/nebula-n1-Marvel-comics-675x1024.jpg\" alt=\"nebula-n1-Marvel-comics\" class=\"wp-image-749\" srcset=\"https:\/\/thehypegeek.com\/wp-content\/uploads\/2019\/11\/nebula-n1-Marvel-comics-675x1024.jpg 675w, https:\/\/thehypegeek.com\/wp-content\/uploads\/2019\/11\/nebula-n1-Marvel-comics-198x300.jpg 198w, https:\/\/thehypegeek.com\/wp-content\/uploads\/2019\/11\/nebula-n1-Marvel-comics.jpg 738w\" sizes=\"auto, (max-width: 675px) 100vw, 675px\" \/><figcaption>Portada Nebula#1 Marvel c\u00f3mics<\/figcaption><\/figure><\/div>\n\n\n\n<blockquote class=\"wp-block-quote is-layout-flow wp-block-quote-is-layout-flow\"><p><em>\u201cDesde que las pel\u00edculas revitalizaron su inter\u00e9s en ella, hemos podido verla aparecer cada vez m\u00e1s en los c\u00f3mics\u201d<\/em>.<\/p><p><em>\u201cRealmente quiero mostrar cu\u00e1n genial es Nebula a pesar de que es una mala persona, y cu\u00e1n m\u00e1s compleja es de lo que podr\u00edamos asumir\u2026 fue mi misi\u00f3n tratar de mostrar qui\u00e9n es ella\u201d<\/em>.<\/p><p>\u00a0<em>\u201cSer capaz de entrar en su cabeza y llenar todos los rincones realmente me hace sentir aprecio por ella, y quiero que otras personas tambi\u00e9n la amen y quieran que haga lo mejor\u201d<\/em>. <\/p><cite>Vita Ayala<br><\/cite><\/blockquote>\n\n\n\n<p>Creada por Roger Stern y\u00a0John Buscema, Nebula, hija de\u00a0Thanos\u00a0y hermana de\u00a0Gamora, apareci\u00f3 por primera vez en<em>\u00a0Avengers # 257<\/em>\u00a0de 1985. Como Ayala menciona, el personaje ha sido revitalizado por el\u00a0Universo cinematogr\u00e1fico de Marvel\u00a0interpretada por Karen Gillan. <\/p>\n\n\n\n<p>En la portada podemos ver que el personaje contar\u00e1 con la imagen que conocemos del personaje en las pel\u00edculas del <a href=\"https:\/\/thehypegeek.com\/index.php\/3-escenas-eliminadas-de-avengers-endgame-video\/\">UCM <\/a>.<\/p>\n\n\n\n<p>D\u00e9janos saber tu opini\u00f3n y recuerda seguirnos en nuestras redes\nsociales:<\/p>\n\n\n\n<p>Facebook:\u00a0<a href=\"https:\/\/www.facebook.com\/THG506\">The Hype Geek LATAM<\/a><br>Instagram: @crthehype<br>Youtube: The Hype Geek LATAM<\/p>\n","protected":false},"excerpt":{"rendered":"<p>A principios del pr\u00f3ximo a\u00f1o, Marvel C\u00f3mics tendr\u00e1 disponible la primer serie en solitario de Nebula. En febrero de 2020&hellip;<\/p>\n","protected":false},"author":1,"featured_media":750,"comment_status":"open","ping_status":"open","sticky":false,"template":"","format":"standard","meta":{"footnotes":""},"categories":[1],"tags":[],"class_list":["post-748","post","type-post","status-publish","format-standard","has-post-thumbnail","hentry","category-sin-categoria"],"yoast_head":"<!-- This site is optimized with the Yoast SEO plugin v27.3 - https:\/\/yoast.com\/product\/yoast-seo-wordpress\/ -->\n<title>Marvel C\u00f3mics: Nebula protagonizar\u00e1 su propia serie en solitario<\/title>\n<meta name=\"description\" content=\"El pr\u00f3ximo a\u00f1o, Marvel C\u00f3mics tendr\u00e1 disponible la primer serie en solitario de Nebula. El personaje contar\u00e1 con la imagen que conocemos del UCM\" \/>\n<meta name=\"robots\" content=\"index, follow, max-snippet:-1, max-image-preview:large, max-video-preview:-1\" \/>\n<link rel=\"canonical\" href=\"https:\/\/thehypegeek.com\/index.php\/marvel-comics-nebula-protagonizara-su-propia-serie-en-solitario\/\" \/>\n<meta name=\"twitter:label1\" content=\"Written by\" \/>\n\t<meta name=\"twitter:data1\" content=\"Jose Villarreal\" \/>\n\t<meta name=\"twitter:label2\" content=\"Est. reading time\" \/>\n\t<meta name=\"twitter:data2\" content=\"1 minuto\" \/>\n<script type=\"application\/ld+json\" class=\"yoast-schema-graph\">{\"@context\":\"https:\\\/\\\/schema.org\",\"@graph\":[{\"@type\":\"Article\",\"@id\":\"https:\\\/\\\/thehypegeek.com\\\/index.php\\\/marvel-comics-nebula-protagonizara-su-propia-serie-en-solitario\\\/#article\",\"isPartOf\":{\"@id\":\"https:\\\/\\\/thehypegeek.com\\\/index.php\\\/marvel-comics-nebula-protagonizara-su-propia-serie-en-solitario\\\/\"},\"author\":{\"name\":\"Jose Villarreal\",\"@id\":\"https:\\\/\\\/thehypegeek.com\\\/#\\\/schema\\\/person\\\/cba8a8e4df3fd0fa4f7c9c021126e2d7\"},\"headline\":\"Marvel C\u00f3mics: Nebula protagonizar\u00e1 su propia serie en solitario\",\"datePublished\":\"2019-11-15T22:01:01+00:00\",\"mainEntityOfPage\":{\"@id\":\"https:\\\/\\\/thehypegeek.com\\\/index.php\\\/marvel-comics-nebula-protagonizara-su-propia-serie-en-solitario\\\/\"},\"wordCount\":294,\"commentCount\":0,\"publisher\":{\"@id\":\"https:\\\/\\\/thehypegeek.com\\\/#organization\"},\"image\":{\"@id\":\"https:\\\/\\\/thehypegeek.com\\\/index.php\\\/marvel-comics-nebula-protagonizara-su-propia-serie-en-solitario\\\/#primaryimage\"},\"thumbnailUrl\":\"https:\\\/\\\/thehypegeek.com\\\/wp-content\\\/uploads\\\/2019\\\/11\\\/Vita-Ayala-nebula-nuevo-comic-portada.jpeg\",\"articleSection\":[\"sin categor\u00eda\"],\"inLanguage\":\"es-CR\",\"potentialAction\":[{\"@type\":\"CommentAction\",\"name\":\"Comment\",\"target\":[\"https:\\\/\\\/thehypegeek.com\\\/index.php\\\/marvel-comics-nebula-protagonizara-su-propia-serie-en-solitario\\\/#respond\"]}]},{\"@type\":\"WebPage\",\"@id\":\"https:\\\/\\\/thehypegeek.com\\\/index.php\\\/marvel-comics-nebula-protagonizara-su-propia-serie-en-solitario\\\/\",\"url\":\"https:\\\/\\\/thehypegeek.com\\\/index.php\\\/marvel-comics-nebula-protagonizara-su-propia-serie-en-solitario\\\/\",\"name\":\"Marvel C\u00f3mics: Nebula protagonizar\u00e1 su propia serie en solitario\",\"isPartOf\":{\"@id\":\"https:\\\/\\\/thehypegeek.com\\\/#website\"},\"primaryImageOfPage\":{\"@id\":\"https:\\\/\\\/thehypegeek.com\\\/index.php\\\/marvel-comics-nebula-protagonizara-su-propia-serie-en-solitario\\\/#primaryimage\"},\"image\":{\"@id\":\"https:\\\/\\\/thehypegeek.com\\\/index.php\\\/marvel-comics-nebula-protagonizara-su-propia-serie-en-solitario\\\/#primaryimage\"},\"thumbnailUrl\":\"https:\\\/\\\/thehypegeek.com\\\/wp-content\\\/uploads\\\/2019\\\/11\\\/Vita-Ayala-nebula-nuevo-comic-portada.jpeg\",\"datePublished\":\"2019-11-15T22:01:01+00:00\",\"description\":\"El pr\u00f3ximo a\u00f1o, Marvel C\u00f3mics tendr\u00e1 disponible la primer serie en solitario de Nebula. El personaje contar\u00e1 con la imagen que conocemos del UCM\",\"breadcrumb\":{\"@id\":\"https:\\\/\\\/thehypegeek.com\\\/index.php\\\/marvel-comics-nebula-protagonizara-su-propia-serie-en-solitario\\\/#breadcrumb\"},\"inLanguage\":\"es-CR\",\"potentialAction\":[{\"@type\":\"ReadAction\",\"target\":[\"https:\\\/\\\/thehypegeek.com\\\/index.php\\\/marvel-comics-nebula-protagonizara-su-propia-serie-en-solitario\\\/\"]}]},{\"@type\":\"ImageObject\",\"inLanguage\":\"es-CR\",\"@id\":\"https:\\\/\\\/thehypegeek.com\\\/index.php\\\/marvel-comics-nebula-protagonizara-su-propia-serie-en-solitario\\\/#primaryimage\",\"url\":\"https:\\\/\\\/thehypegeek.com\\\/wp-content\\\/uploads\\\/2019\\\/11\\\/Vita-Ayala-nebula-nuevo-comic-portada.jpeg\",\"contentUrl\":\"https:\\\/\\\/thehypegeek.com\\\/wp-content\\\/uploads\\\/2019\\\/11\\\/Vita-Ayala-nebula-nuevo-comic-portada.jpeg\",\"width\":1264,\"height\":632,\"caption\":\"Vita Ayala nebula nuevo comic portada\"},{\"@type\":\"BreadcrumbList\",\"@id\":\"https:\\\/\\\/thehypegeek.com\\\/index.php\\\/marvel-comics-nebula-protagonizara-su-propia-serie-en-solitario\\\/#breadcrumb\",\"itemListElement\":[{\"@type\":\"ListItem\",\"position\":1,\"name\":\"Home\",\"item\":\"https:\\\/\\\/thehypegeek.com\\\/\"},{\"@type\":\"ListItem\",\"position\":2,\"name\":\"Marvel C\u00f3mics: Nebula protagonizar\u00e1 su propia serie en solitario\"}]},{\"@type\":\"WebSite\",\"@id\":\"https:\\\/\\\/thehypegeek.com\\\/#website\",\"url\":\"https:\\\/\\\/thehypegeek.com\\\/\",\"name\":\"The Hype Geek\",\"description\":\"The Hype Geek\",\"publisher\":{\"@id\":\"https:\\\/\\\/thehypegeek.com\\\/#organization\"},\"potentialAction\":[{\"@type\":\"SearchAction\",\"target\":{\"@type\":\"EntryPoint\",\"urlTemplate\":\"https:\\\/\\\/thehypegeek.com\\\/?s={search_term_string}\"},\"query-input\":{\"@type\":\"PropertyValueSpecification\",\"valueRequired\":true,\"valueName\":\"search_term_string\"}}],\"inLanguage\":\"es-CR\"},{\"@type\":\"Organization\",\"@id\":\"https:\\\/\\\/thehypegeek.com\\\/#organization\",\"name\":\"The Hype Geek\",\"url\":\"https:\\\/\\\/thehypegeek.com\\\/\",\"logo\":{\"@type\":\"ImageObject\",\"inLanguage\":\"es-CR\",\"@id\":\"https:\\\/\\\/thehypegeek.com\\\/#\\\/schema\\\/logo\\\/image\\\/\",\"url\":\"https:\\\/\\\/thehypegeek.com\\\/wp-content\\\/uploads\\\/2023\\\/03\\\/unnamed-1.png\",\"contentUrl\":\"https:\\\/\\\/thehypegeek.com\\\/wp-content\\\/uploads\\\/2023\\\/03\\\/unnamed-1.png\",\"width\":210,\"height\":100,\"caption\":\"The Hype Geek\"},\"image\":{\"@id\":\"https:\\\/\\\/thehypegeek.com\\\/#\\\/schema\\\/logo\\\/image\\\/\"},\"sameAs\":[\"https:\\\/\\\/www.facebook.com\\\/THG506\"]},{\"@type\":\"Person\",\"@id\":\"https:\\\/\\\/thehypegeek.com\\\/#\\\/schema\\\/person\\\/cba8a8e4df3fd0fa4f7c9c021126e2d7\",\"name\":\"Jose Villarreal\",\"image\":{\"@type\":\"ImageObject\",\"inLanguage\":\"es-CR\",\"@id\":\"https:\\\/\\\/secure.gravatar.com\\\/avatar\\\/4179af262013644e6df8aaefa813f5a7678766919634dde586531a1bba7edfdd?s=96&d=mm&r=g\",\"url\":\"https:\\\/\\\/secure.gravatar.com\\\/avatar\\\/4179af262013644e6df8aaefa813f5a7678766919634dde586531a1bba7edfdd?s=96&d=mm&r=g\",\"contentUrl\":\"https:\\\/\\\/secure.gravatar.com\\\/avatar\\\/4179af262013644e6df8aaefa813f5a7678766919634dde586531a1bba7edfdd?s=96&d=mm&r=g\",\"caption\":\"Jose Villarreal\"},\"description\":\"Docente,entusiasta del PC gaming, los e-sports, la escritura, el cine, la m\u00fasica, el baile, la cultura popular\\\/geek y el periodismo. \u00bfVan en ese orden? \u00bfTienen alg\u00fan orden? Todas esas palabras me definen de alg\u00fan modo.\",\"url\":\"https:\\\/\\\/thehypegeek.com\\\/index.php\\\/author\\\/admin\\\/\"}]}<\/script>\n<!-- \/ Yoast SEO plugin. -->","yoast_head_json":{"title":"Marvel C\u00f3mics: Nebula protagonizar\u00e1 su propia serie en solitario","description":"El pr\u00f3ximo a\u00f1o, Marvel C\u00f3mics tendr\u00e1 disponible la primer serie en solitario de Nebula. El personaje contar\u00e1 con la imagen que conocemos del UCM","robots":{"index":"index","follow":"follow","max-snippet":"max-snippet:-1","max-image-preview":"max-image-preview:large","max-video-preview":"max-video-preview:-1"},"canonical":"https:\/\/thehypegeek.com\/index.php\/marvel-comics-nebula-protagonizara-su-propia-serie-en-solitario\/","twitter_misc":{"Written by":"Jose Villarreal","Est. reading time":"1 minuto"},"schema":{"@context":"https:\/\/schema.org","@graph":[{"@type":"Article","@id":"https:\/\/thehypegeek.com\/index.php\/marvel-comics-nebula-protagonizara-su-propia-serie-en-solitario\/#article","isPartOf":{"@id":"https:\/\/thehypegeek.com\/index.php\/marvel-comics-nebula-protagonizara-su-propia-serie-en-solitario\/"},"author":{"name":"Jose Villarreal","@id":"https:\/\/thehypegeek.com\/#\/schema\/person\/cba8a8e4df3fd0fa4f7c9c021126e2d7"},"headline":"Marvel C\u00f3mics: Nebula protagonizar\u00e1 su propia serie en solitario","datePublished":"2019-11-15T22:01:01+00:00","mainEntityOfPage":{"@id":"https:\/\/thehypegeek.com\/index.php\/marvel-comics-nebula-protagonizara-su-propia-serie-en-solitario\/"},"wordCount":294,"commentCount":0,"publisher":{"@id":"https:\/\/thehypegeek.com\/#organization"},"image":{"@id":"https:\/\/thehypegeek.com\/index.php\/marvel-comics-nebula-protagonizara-su-propia-serie-en-solitario\/#primaryimage"},"thumbnailUrl":"https:\/\/thehypegeek.com\/wp-content\/uploads\/2019\/11\/Vita-Ayala-nebula-nuevo-comic-portada.jpeg","articleSection":["sin categor\u00eda"],"inLanguage":"es-CR","potentialAction":[{"@type":"CommentAction","name":"Comment","target":["https:\/\/thehypegeek.com\/index.php\/marvel-comics-nebula-protagonizara-su-propia-serie-en-solitario\/#respond"]}]},{"@type":"WebPage","@id":"https:\/\/thehypegeek.com\/index.php\/marvel-comics-nebula-protagonizara-su-propia-serie-en-solitario\/","url":"https:\/\/thehypegeek.com\/index.php\/marvel-comics-nebula-protagonizara-su-propia-serie-en-solitario\/","name":"Marvel C\u00f3mics: Nebula protagonizar\u00e1 su propia serie en solitario","isPartOf":{"@id":"https:\/\/thehypegeek.com\/#website"},"primaryImageOfPage":{"@id":"https:\/\/thehypegeek.com\/index.php\/marvel-comics-nebula-protagonizara-su-propia-serie-en-solitario\/#primaryimage"},"image":{"@id":"https:\/\/thehypegeek.com\/index.php\/marvel-comics-nebula-protagonizara-su-propia-serie-en-solitario\/#primaryimage"},"thumbnailUrl":"https:\/\/thehypegeek.com\/wp-content\/uploads\/2019\/11\/Vita-Ayala-nebula-nuevo-comic-portada.jpeg","datePublished":"2019-11-15T22:01:01+00:00","description":"El pr\u00f3ximo a\u00f1o, Marvel C\u00f3mics tendr\u00e1 disponible la primer serie en solitario de Nebula. El personaje contar\u00e1 con la imagen que conocemos del UCM","breadcrumb":{"@id":"https:\/\/thehypegeek.com\/index.php\/marvel-comics-nebula-protagonizara-su-propia-serie-en-solitario\/#breadcrumb"},"inLanguage":"es-CR","potentialAction":[{"@type":"ReadAction","target":["https:\/\/thehypegeek.com\/index.php\/marvel-comics-nebula-protagonizara-su-propia-serie-en-solitario\/"]}]},{"@type":"ImageObject","inLanguage":"es-CR","@id":"https:\/\/thehypegeek.com\/index.php\/marvel-comics-nebula-protagonizara-su-propia-serie-en-solitario\/#primaryimage","url":"https:\/\/thehypegeek.com\/wp-content\/uploads\/2019\/11\/Vita-Ayala-nebula-nuevo-comic-portada.jpeg","contentUrl":"https:\/\/thehypegeek.com\/wp-content\/uploads\/2019\/11\/Vita-Ayala-nebula-nuevo-comic-portada.jpeg","width":1264,"height":632,"caption":"Vita Ayala nebula nuevo comic portada"},{"@type":"BreadcrumbList","@id":"https:\/\/thehypegeek.com\/index.php\/marvel-comics-nebula-protagonizara-su-propia-serie-en-solitario\/#breadcrumb","itemListElement":[{"@type":"ListItem","position":1,"name":"Home","item":"https:\/\/thehypegeek.com\/"},{"@type":"ListItem","position":2,"name":"Marvel C\u00f3mics: Nebula protagonizar\u00e1 su propia serie en solitario"}]},{"@type":"WebSite","@id":"https:\/\/thehypegeek.com\/#website","url":"https:\/\/thehypegeek.com\/","name":"The Hype Geek","description":"The Hype Geek","publisher":{"@id":"https:\/\/thehypegeek.com\/#organization"},"potentialAction":[{"@type":"SearchAction","target":{"@type":"EntryPoint","urlTemplate":"https:\/\/thehypegeek.com\/?s={search_term_string}"},"query-input":{"@type":"PropertyValueSpecification","valueRequired":true,"valueName":"search_term_string"}}],"inLanguage":"es-CR"},{"@type":"Organization","@id":"https:\/\/thehypegeek.com\/#organization","name":"The Hype Geek","url":"https:\/\/thehypegeek.com\/","logo":{"@type":"ImageObject","inLanguage":"es-CR","@id":"https:\/\/thehypegeek.com\/#\/schema\/logo\/image\/","url":"https:\/\/thehypegeek.com\/wp-content\/uploads\/2023\/03\/unnamed-1.png","contentUrl":"https:\/\/thehypegeek.com\/wp-content\/uploads\/2023\/03\/unnamed-1.png","width":210,"height":100,"caption":"The Hype Geek"},"image":{"@id":"https:\/\/thehypegeek.com\/#\/schema\/logo\/image\/"},"sameAs":["https:\/\/www.facebook.com\/THG506"]},{"@type":"Person","@id":"https:\/\/thehypegeek.com\/#\/schema\/person\/cba8a8e4df3fd0fa4f7c9c021126e2d7","name":"Jose Villarreal","image":{"@type":"ImageObject","inLanguage":"es-CR","@id":"https:\/\/secure.gravatar.com\/avatar\/4179af262013644e6df8aaefa813f5a7678766919634dde586531a1bba7edfdd?s=96&d=mm&r=g","url":"https:\/\/secure.gravatar.com\/avatar\/4179af262013644e6df8aaefa813f5a7678766919634dde586531a1bba7edfdd?s=96&d=mm&r=g","contentUrl":"https:\/\/secure.gravatar.com\/avatar\/4179af262013644e6df8aaefa813f5a7678766919634dde586531a1bba7edfdd?s=96&d=mm&r=g","caption":"Jose Villarreal"},"description":"Docente,entusiasta del PC gaming, los e-sports, la escritura, el cine, la m\u00fasica, el baile, la cultura popular\/geek y el periodismo. \u00bfVan en ese orden? \u00bfTienen alg\u00fan orden? Todas esas palabras me definen de alg\u00fan modo.","url":"https:\/\/thehypegeek.com\/index.php\/author\/admin\/"}]}},"_links":{"self":[{"href":"https:\/\/thehypegeek.com\/index.php\/wp-json\/wp\/v2\/posts\/748","targetHints":{"allow":["GET"]}}],"collection":[{"href":"https:\/\/thehypegeek.com\/index.php\/wp-json\/wp\/v2\/posts"}],"about":[{"href":"https:\/\/thehypegeek.com\/index.php\/wp-json\/wp\/v2\/types\/post"}],"author":[{"embeddable":true,"href":"https:\/\/thehypegeek.com\/index.php\/wp-json\/wp\/v2\/users\/1"}],"replies":[{"embeddable":true,"href":"https:\/\/thehypegeek.com\/index.php\/wp-json\/wp\/v2\/comments?post=748"}],"version-history":[{"count":1,"href":"https:\/\/thehypegeek.com\/index.php\/wp-json\/wp\/v2\/posts\/748\/revisions"}],"predecessor-version":[{"id":751,"href":"https:\/\/thehypegeek.com\/index.php\/wp-json\/wp\/v2\/posts\/748\/revisions\/751"}],"wp:featuredmedia":[{"embeddable":true,"href":"https:\/\/thehypegeek.com\/index.php\/wp-json\/wp\/v2\/media\/750"}],"wp:attachment":[{"href":"https:\/\/thehypegeek.com\/index.php\/wp-json\/wp\/v2\/media?parent=748"}],"wp:term":[{"taxonomy":"category","embeddable":true,"href":"https:\/\/thehypegeek.com\/index.php\/wp-json\/wp\/v2\/categories?post=748"},{"taxonomy":"post_tag","embeddable":true,"href":"https:\/\/thehypegeek.com\/index.php\/wp-json\/wp\/v2\/tags?post=748"}],"curies":[{"name":"wp","href":"https:\/\/api.w.org\/{rel}","templated":true}]}}