{"id":716,"date":"2019-11-13T12:13:47","date_gmt":"2019-11-13T18:13:47","guid":{"rendered":"https:\/\/thehypegeek.com\/?p=716"},"modified":"2019-11-13T12:13:48","modified_gmt":"2019-11-13T18:13:48","slug":"the-witcher-confirma-segunda-temporada","status":"publish","type":"post","link":"https:\/\/thehypegeek.com\/index.php\/the-witcher-confirma-segunda-temporada\/","title":{"rendered":"The Witcher confirma segunda temporada"},"content":{"rendered":"\n<h3 class=\"wp-block-heading\">Netflix confirm\u00f3 la noticia anticipando el estreno de la serie en diciembre.<\/h3>\n\n\n\n<p>Buenas noticias para los fan\u00e1ticos de\u00a0<strong>The Witcher<\/strong>.\u00a0Aunque a\u00fan no se ha ni estrenado la primer temporada, no hay duda de que Netflix le tiene apostadas todas las fichas a esta serie, ya que<strong> <\/strong>se \u00a0acaba de confirmar que The Witcher  confirma segunda temporada<\/p>\n\n\n\n<p>La serie protagonizada por\u00a0<strong>Henry Cavill<\/strong>,estrenar\u00e1 su primera temporada en todo el mundo el pr\u00f3ximo 20 de diciembre, pero la plataforma de streaming anticipa una buena recepci\u00f3n y ya puso en marcha los planes para continuar la historia de Geralt de Rivia. <\/p>\n\n\n\n<figure class=\"wp-block-embed-twitter wp-block-embed is-type-rich is-provider-twitter\"><div class=\"wp-block-embed__wrapper\">\n<blockquote class=\"twitter-tweet\" data-width=\"550\" data-dnt=\"true\"><p lang=\"en\" dir=\"ltr\">Geralt&#39;s adventure is only beginning&#8230;.<br><br>The Witcher has been renewed for Season 2! <a href=\"https:\/\/t.co\/6iPrUFeujI\">pic.twitter.com\/6iPrUFeujI<\/a><\/p>&mdash; Netflix (@netflix) <a href=\"https:\/\/twitter.com\/netflix\/status\/1194662370485919744?ref_src=twsrc%5Etfw\">November 13, 2019<\/a><\/blockquote><script async src=\"https:\/\/platform.twitter.com\/widgets.js\" charset=\"utf-8\"><\/script>\n<\/div><\/figure>\n\n\n\n<p>El anuncio se hizo a trav\u00e9s de las distintas redes sociales oficiales de <a href=\"https:\/\/thehypegeek.com\/index.php\/el-trailer-de-ghost-in-the-shell-de-netflix-sac_2045-revela-un-nuevo-aspecto-para-motoko-kusanagi\/\">Netflix <\/a>en todo el mundo, que compartieron una imagen que incluye el logo del show y dos espadas alineadas formando un 2 en n\u00fameros romanos. <\/p>\n\n\n\n<p>La primera temporada de la serie contar\u00e1 con ocho episodios de una hora cada uno, seg\u00fan anticip\u00f3 Lauren Schmidt Hissrich m\u00e1s temprano este a\u00f1o. Esta cantidad se eligi\u00f3  para darle tiempo a los guionistas y a toda la producci\u00f3n y no saturar el proceso creativo.<\/p>\n\n\n\n<p>No hay duda de que es de lo mejor que a\u00fan no depara este 2019.<\/p>\n\n\n\n<p>D\u00e9janos saber tu opini\u00f3n y recuerda seguirnos en nuestras redes\nsociales:<\/p>\n\n\n\n<p>Facebook:\u00a0<a href=\"https:\/\/www.facebook.com\/THG506\">The Hype Geek LATAM<\/a><br>Instagram: @crthehype<br>Youtube: The Hype Geek LATAM<\/p>\n\n\n\n<p><br><\/p>\n","protected":false},"excerpt":{"rendered":"<p>Netflix confirm\u00f3 la noticia anticipando el estreno de la serie en diciembre. Buenas noticias para los fan\u00e1ticos de\u00a0The Witcher.\u00a0Aunque a\u00fan&hellip;<\/p>\n","protected":false},"author":1,"featured_media":718,"comment_status":"open","ping_status":"open","sticky":false,"template":"","format":"standard","meta":{"footnotes":""},"categories":[8],"tags":[223,115,64,114],"class_list":["post-716","post","type-post","status-publish","format-standard","has-post-thumbnail","hentry","category-cine-y-tv","tag-geralt-de-rivia","tag-henry-cavill","tag-netflix","tag-the-witcher"],"yoast_head":"<!-- This site is optimized with the Yoast SEO plugin v27.3 - https:\/\/yoast.com\/product\/yoast-seo-wordpress\/ -->\n<title>The Witcher confirma segunda temporada -<\/title>\n<meta name=\"description\" content=\"Buenas noticias para los fan\u00e1ticos de la saga, The Witcher confirma segunda temporada. no hay duda de que Netflix le tiene apostadas todas las fichas\" \/>\n<meta name=\"robots\" content=\"index, follow, max-snippet:-1, max-image-preview:large, max-video-preview:-1\" \/>\n<link rel=\"canonical\" href=\"https:\/\/thehypegeek.com\/index.php\/the-witcher-confirma-segunda-temporada\/\" \/>\n<meta name=\"twitter:label1\" content=\"Written by\" \/>\n\t<meta name=\"twitter:data1\" content=\"Jose Villarreal\" \/>\n\t<meta name=\"twitter:label2\" content=\"Est. reading time\" \/>\n\t<meta name=\"twitter:data2\" content=\"1 minuto\" \/>\n<script type=\"application\/ld+json\" class=\"yoast-schema-graph\">{\"@context\":\"https:\\\/\\\/schema.org\",\"@graph\":[{\"@type\":\"Article\",\"@id\":\"https:\\\/\\\/thehypegeek.com\\\/index.php\\\/the-witcher-confirma-segunda-temporada\\\/#article\",\"isPartOf\":{\"@id\":\"https:\\\/\\\/thehypegeek.com\\\/index.php\\\/the-witcher-confirma-segunda-temporada\\\/\"},\"author\":{\"name\":\"Jose Villarreal\",\"@id\":\"https:\\\/\\\/thehypegeek.com\\\/#\\\/schema\\\/person\\\/cba8a8e4df3fd0fa4f7c9c021126e2d7\"},\"headline\":\"The Witcher confirma segunda temporada\",\"datePublished\":\"2019-11-13T18:13:47+00:00\",\"dateModified\":\"2019-11-13T18:13:48+00:00\",\"mainEntityOfPage\":{\"@id\":\"https:\\\/\\\/thehypegeek.com\\\/index.php\\\/the-witcher-confirma-segunda-temporada\\\/\"},\"wordCount\":241,\"commentCount\":0,\"publisher\":{\"@id\":\"https:\\\/\\\/thehypegeek.com\\\/#organization\"},\"image\":{\"@id\":\"https:\\\/\\\/thehypegeek.com\\\/index.php\\\/the-witcher-confirma-segunda-temporada\\\/#primaryimage\"},\"thumbnailUrl\":\"https:\\\/\\\/thehypegeek.com\\\/wp-content\\\/uploads\\\/2019\\\/11\\\/the-witcher-segunda-temporada.jpg\",\"keywords\":[\"Geralt de Rivia.\",\"Henry Cavill\",\"Netflix\",\"The witcher\"],\"articleSection\":[\"cine y tv\"],\"inLanguage\":\"es-CR\",\"potentialAction\":[{\"@type\":\"CommentAction\",\"name\":\"Comment\",\"target\":[\"https:\\\/\\\/thehypegeek.com\\\/index.php\\\/the-witcher-confirma-segunda-temporada\\\/#respond\"]}]},{\"@type\":\"WebPage\",\"@id\":\"https:\\\/\\\/thehypegeek.com\\\/index.php\\\/the-witcher-confirma-segunda-temporada\\\/\",\"url\":\"https:\\\/\\\/thehypegeek.com\\\/index.php\\\/the-witcher-confirma-segunda-temporada\\\/\",\"name\":\"The Witcher confirma segunda temporada -\",\"isPartOf\":{\"@id\":\"https:\\\/\\\/thehypegeek.com\\\/#website\"},\"primaryImageOfPage\":{\"@id\":\"https:\\\/\\\/thehypegeek.com\\\/index.php\\\/the-witcher-confirma-segunda-temporada\\\/#primaryimage\"},\"image\":{\"@id\":\"https:\\\/\\\/thehypegeek.com\\\/index.php\\\/the-witcher-confirma-segunda-temporada\\\/#primaryimage\"},\"thumbnailUrl\":\"https:\\\/\\\/thehypegeek.com\\\/wp-content\\\/uploads\\\/2019\\\/11\\\/the-witcher-segunda-temporada.jpg\",\"datePublished\":\"2019-11-13T18:13:47+00:00\",\"dateModified\":\"2019-11-13T18:13:48+00:00\",\"description\":\"Buenas noticias para los fan\u00e1ticos de la saga, The Witcher confirma segunda temporada. no hay duda de que Netflix le tiene apostadas todas las fichas\",\"breadcrumb\":{\"@id\":\"https:\\\/\\\/thehypegeek.com\\\/index.php\\\/the-witcher-confirma-segunda-temporada\\\/#breadcrumb\"},\"inLanguage\":\"es-CR\",\"potentialAction\":[{\"@type\":\"ReadAction\",\"target\":[\"https:\\\/\\\/thehypegeek.com\\\/index.php\\\/the-witcher-confirma-segunda-temporada\\\/\"]}]},{\"@type\":\"ImageObject\",\"inLanguage\":\"es-CR\",\"@id\":\"https:\\\/\\\/thehypegeek.com\\\/index.php\\\/the-witcher-confirma-segunda-temporada\\\/#primaryimage\",\"url\":\"https:\\\/\\\/thehypegeek.com\\\/wp-content\\\/uploads\\\/2019\\\/11\\\/the-witcher-segunda-temporada.jpg\",\"contentUrl\":\"https:\\\/\\\/thehypegeek.com\\\/wp-content\\\/uploads\\\/2019\\\/11\\\/the-witcher-segunda-temporada.jpg\",\"width\":1200,\"height\":675,\"caption\":\"the witcher segunda temporada\"},{\"@type\":\"BreadcrumbList\",\"@id\":\"https:\\\/\\\/thehypegeek.com\\\/index.php\\\/the-witcher-confirma-segunda-temporada\\\/#breadcrumb\",\"itemListElement\":[{\"@type\":\"ListItem\",\"position\":1,\"name\":\"Home\",\"item\":\"https:\\\/\\\/thehypegeek.com\\\/\"},{\"@type\":\"ListItem\",\"position\":2,\"name\":\"The Witcher confirma segunda temporada\"}]},{\"@type\":\"WebSite\",\"@id\":\"https:\\\/\\\/thehypegeek.com\\\/#website\",\"url\":\"https:\\\/\\\/thehypegeek.com\\\/\",\"name\":\"The Hype Geek\",\"description\":\"The Hype Geek\",\"publisher\":{\"@id\":\"https:\\\/\\\/thehypegeek.com\\\/#organization\"},\"potentialAction\":[{\"@type\":\"SearchAction\",\"target\":{\"@type\":\"EntryPoint\",\"urlTemplate\":\"https:\\\/\\\/thehypegeek.com\\\/?s={search_term_string}\"},\"query-input\":{\"@type\":\"PropertyValueSpecification\",\"valueRequired\":true,\"valueName\":\"search_term_string\"}}],\"inLanguage\":\"es-CR\"},{\"@type\":\"Organization\",\"@id\":\"https:\\\/\\\/thehypegeek.com\\\/#organization\",\"name\":\"The Hype Geek\",\"url\":\"https:\\\/\\\/thehypegeek.com\\\/\",\"logo\":{\"@type\":\"ImageObject\",\"inLanguage\":\"es-CR\",\"@id\":\"https:\\\/\\\/thehypegeek.com\\\/#\\\/schema\\\/logo\\\/image\\\/\",\"url\":\"https:\\\/\\\/thehypegeek.com\\\/wp-content\\\/uploads\\\/2023\\\/03\\\/unnamed-1.png\",\"contentUrl\":\"https:\\\/\\\/thehypegeek.com\\\/wp-content\\\/uploads\\\/2023\\\/03\\\/unnamed-1.png\",\"width\":210,\"height\":100,\"caption\":\"The Hype Geek\"},\"image\":{\"@id\":\"https:\\\/\\\/thehypegeek.com\\\/#\\\/schema\\\/logo\\\/image\\\/\"},\"sameAs\":[\"https:\\\/\\\/www.facebook.com\\\/THG506\"]},{\"@type\":\"Person\",\"@id\":\"https:\\\/\\\/thehypegeek.com\\\/#\\\/schema\\\/person\\\/cba8a8e4df3fd0fa4f7c9c021126e2d7\",\"name\":\"Jose Villarreal\",\"image\":{\"@type\":\"ImageObject\",\"inLanguage\":\"es-CR\",\"@id\":\"https:\\\/\\\/secure.gravatar.com\\\/avatar\\\/4179af262013644e6df8aaefa813f5a7678766919634dde586531a1bba7edfdd?s=96&d=mm&r=g\",\"url\":\"https:\\\/\\\/secure.gravatar.com\\\/avatar\\\/4179af262013644e6df8aaefa813f5a7678766919634dde586531a1bba7edfdd?s=96&d=mm&r=g\",\"contentUrl\":\"https:\\\/\\\/secure.gravatar.com\\\/avatar\\\/4179af262013644e6df8aaefa813f5a7678766919634dde586531a1bba7edfdd?s=96&d=mm&r=g\",\"caption\":\"Jose Villarreal\"},\"description\":\"Docente,entusiasta del PC gaming, los e-sports, la escritura, el cine, la m\u00fasica, el baile, la cultura popular\\\/geek y el periodismo. \u00bfVan en ese orden? \u00bfTienen alg\u00fan orden? Todas esas palabras me definen de alg\u00fan modo.\",\"url\":\"https:\\\/\\\/thehypegeek.com\\\/index.php\\\/author\\\/admin\\\/\"}]}<\/script>\n<!-- \/ Yoast SEO plugin. -->","yoast_head_json":{"title":"The Witcher confirma segunda temporada -","description":"Buenas noticias para los fan\u00e1ticos de la saga, The Witcher confirma segunda temporada. no hay duda de que Netflix le tiene apostadas todas las fichas","robots":{"index":"index","follow":"follow","max-snippet":"max-snippet:-1","max-image-preview":"max-image-preview:large","max-video-preview":"max-video-preview:-1"},"canonical":"https:\/\/thehypegeek.com\/index.php\/the-witcher-confirma-segunda-temporada\/","twitter_misc":{"Written by":"Jose Villarreal","Est. reading time":"1 minuto"},"schema":{"@context":"https:\/\/schema.org","@graph":[{"@type":"Article","@id":"https:\/\/thehypegeek.com\/index.php\/the-witcher-confirma-segunda-temporada\/#article","isPartOf":{"@id":"https:\/\/thehypegeek.com\/index.php\/the-witcher-confirma-segunda-temporada\/"},"author":{"name":"Jose Villarreal","@id":"https:\/\/thehypegeek.com\/#\/schema\/person\/cba8a8e4df3fd0fa4f7c9c021126e2d7"},"headline":"The Witcher confirma segunda temporada","datePublished":"2019-11-13T18:13:47+00:00","dateModified":"2019-11-13T18:13:48+00:00","mainEntityOfPage":{"@id":"https:\/\/thehypegeek.com\/index.php\/the-witcher-confirma-segunda-temporada\/"},"wordCount":241,"commentCount":0,"publisher":{"@id":"https:\/\/thehypegeek.com\/#organization"},"image":{"@id":"https:\/\/thehypegeek.com\/index.php\/the-witcher-confirma-segunda-temporada\/#primaryimage"},"thumbnailUrl":"https:\/\/thehypegeek.com\/wp-content\/uploads\/2019\/11\/the-witcher-segunda-temporada.jpg","keywords":["Geralt de Rivia.","Henry Cavill","Netflix","The witcher"],"articleSection":["cine y tv"],"inLanguage":"es-CR","potentialAction":[{"@type":"CommentAction","name":"Comment","target":["https:\/\/thehypegeek.com\/index.php\/the-witcher-confirma-segunda-temporada\/#respond"]}]},{"@type":"WebPage","@id":"https:\/\/thehypegeek.com\/index.php\/the-witcher-confirma-segunda-temporada\/","url":"https:\/\/thehypegeek.com\/index.php\/the-witcher-confirma-segunda-temporada\/","name":"The Witcher confirma segunda temporada -","isPartOf":{"@id":"https:\/\/thehypegeek.com\/#website"},"primaryImageOfPage":{"@id":"https:\/\/thehypegeek.com\/index.php\/the-witcher-confirma-segunda-temporada\/#primaryimage"},"image":{"@id":"https:\/\/thehypegeek.com\/index.php\/the-witcher-confirma-segunda-temporada\/#primaryimage"},"thumbnailUrl":"https:\/\/thehypegeek.com\/wp-content\/uploads\/2019\/11\/the-witcher-segunda-temporada.jpg","datePublished":"2019-11-13T18:13:47+00:00","dateModified":"2019-11-13T18:13:48+00:00","description":"Buenas noticias para los fan\u00e1ticos de la saga, The Witcher confirma segunda temporada. no hay duda de que Netflix le tiene apostadas todas las fichas","breadcrumb":{"@id":"https:\/\/thehypegeek.com\/index.php\/the-witcher-confirma-segunda-temporada\/#breadcrumb"},"inLanguage":"es-CR","potentialAction":[{"@type":"ReadAction","target":["https:\/\/thehypegeek.com\/index.php\/the-witcher-confirma-segunda-temporada\/"]}]},{"@type":"ImageObject","inLanguage":"es-CR","@id":"https:\/\/thehypegeek.com\/index.php\/the-witcher-confirma-segunda-temporada\/#primaryimage","url":"https:\/\/thehypegeek.com\/wp-content\/uploads\/2019\/11\/the-witcher-segunda-temporada.jpg","contentUrl":"https:\/\/thehypegeek.com\/wp-content\/uploads\/2019\/11\/the-witcher-segunda-temporada.jpg","width":1200,"height":675,"caption":"the witcher segunda temporada"},{"@type":"BreadcrumbList","@id":"https:\/\/thehypegeek.com\/index.php\/the-witcher-confirma-segunda-temporada\/#breadcrumb","itemListElement":[{"@type":"ListItem","position":1,"name":"Home","item":"https:\/\/thehypegeek.com\/"},{"@type":"ListItem","position":2,"name":"The Witcher confirma segunda temporada"}]},{"@type":"WebSite","@id":"https:\/\/thehypegeek.com\/#website","url":"https:\/\/thehypegeek.com\/","name":"The Hype Geek","description":"The Hype Geek","publisher":{"@id":"https:\/\/thehypegeek.com\/#organization"},"potentialAction":[{"@type":"SearchAction","target":{"@type":"EntryPoint","urlTemplate":"https:\/\/thehypegeek.com\/?s={search_term_string}"},"query-input":{"@type":"PropertyValueSpecification","valueRequired":true,"valueName":"search_term_string"}}],"inLanguage":"es-CR"},{"@type":"Organization","@id":"https:\/\/thehypegeek.com\/#organization","name":"The Hype Geek","url":"https:\/\/thehypegeek.com\/","logo":{"@type":"ImageObject","inLanguage":"es-CR","@id":"https:\/\/thehypegeek.com\/#\/schema\/logo\/image\/","url":"https:\/\/thehypegeek.com\/wp-content\/uploads\/2023\/03\/unnamed-1.png","contentUrl":"https:\/\/thehypegeek.com\/wp-content\/uploads\/2023\/03\/unnamed-1.png","width":210,"height":100,"caption":"The Hype Geek"},"image":{"@id":"https:\/\/thehypegeek.com\/#\/schema\/logo\/image\/"},"sameAs":["https:\/\/www.facebook.com\/THG506"]},{"@type":"Person","@id":"https:\/\/thehypegeek.com\/#\/schema\/person\/cba8a8e4df3fd0fa4f7c9c021126e2d7","name":"Jose Villarreal","image":{"@type":"ImageObject","inLanguage":"es-CR","@id":"https:\/\/secure.gravatar.com\/avatar\/4179af262013644e6df8aaefa813f5a7678766919634dde586531a1bba7edfdd?s=96&d=mm&r=g","url":"https:\/\/secure.gravatar.com\/avatar\/4179af262013644e6df8aaefa813f5a7678766919634dde586531a1bba7edfdd?s=96&d=mm&r=g","contentUrl":"https:\/\/secure.gravatar.com\/avatar\/4179af262013644e6df8aaefa813f5a7678766919634dde586531a1bba7edfdd?s=96&d=mm&r=g","caption":"Jose Villarreal"},"description":"Docente,entusiasta del PC gaming, los e-sports, la escritura, el cine, la m\u00fasica, el baile, la cultura popular\/geek y el periodismo. \u00bfVan en ese orden? \u00bfTienen alg\u00fan orden? Todas esas palabras me definen de alg\u00fan modo.","url":"https:\/\/thehypegeek.com\/index.php\/author\/admin\/"}]}},"_links":{"self":[{"href":"https:\/\/thehypegeek.com\/index.php\/wp-json\/wp\/v2\/posts\/716","targetHints":{"allow":["GET"]}}],"collection":[{"href":"https:\/\/thehypegeek.com\/index.php\/wp-json\/wp\/v2\/posts"}],"about":[{"href":"https:\/\/thehypegeek.com\/index.php\/wp-json\/wp\/v2\/types\/post"}],"author":[{"embeddable":true,"href":"https:\/\/thehypegeek.com\/index.php\/wp-json\/wp\/v2\/users\/1"}],"replies":[{"embeddable":true,"href":"https:\/\/thehypegeek.com\/index.php\/wp-json\/wp\/v2\/comments?post=716"}],"version-history":[{"count":1,"href":"https:\/\/thehypegeek.com\/index.php\/wp-json\/wp\/v2\/posts\/716\/revisions"}],"predecessor-version":[{"id":719,"href":"https:\/\/thehypegeek.com\/index.php\/wp-json\/wp\/v2\/posts\/716\/revisions\/719"}],"wp:featuredmedia":[{"embeddable":true,"href":"https:\/\/thehypegeek.com\/index.php\/wp-json\/wp\/v2\/media\/718"}],"wp:attachment":[{"href":"https:\/\/thehypegeek.com\/index.php\/wp-json\/wp\/v2\/media?parent=716"}],"wp:term":[{"taxonomy":"category","embeddable":true,"href":"https:\/\/thehypegeek.com\/index.php\/wp-json\/wp\/v2\/categories?post=716"},{"taxonomy":"post_tag","embeddable":true,"href":"https:\/\/thehypegeek.com\/index.php\/wp-json\/wp\/v2\/tags?post=716"}],"curies":[{"name":"wp","href":"https:\/\/api.w.org\/{rel}","templated":true}]}}