{"id":595,"date":"2019-11-07T22:45:53","date_gmt":"2019-11-08T04:45:53","guid":{"rendered":"https:\/\/thehypegeek.com\/?p=595"},"modified":"2019-11-08T16:39:55","modified_gmt":"2019-11-08T22:39:55","slug":"venom-2","status":"publish","type":"post","link":"https:\/\/thehypegeek.com\/index.php\/venom-2\/","title":{"rendered":"Venom 2: Tom Hardy adelanta que habr\u00e1 pelea contra Carnage"},"content":{"rendered":"\n<p>Hace un par de d\u00edas,&nbsp;<strong>TomHardy<\/strong>&nbsp;comparti\u00f3 en su cuenta de Instagram una particular imagen, donde las m\u00e1scaras de la comedia y la tragedia, en el teatro, est\u00e1n tomadas por los simbiontes de&nbsp;<strong>Venom<\/strong>&nbsp;y&nbsp;<strong>Carnage<\/strong>.<\/p>\n\n\n\n<figure class=\"wp-block-embed-instagram wp-block-embed is-type-rich is-provider-instagram\"><div class=\"wp-block-embed__wrapper\">\nhttps:\/\/www.instagram.com\/p\/B4fWGgPgjG9\/?utm_source=ig_embed\n<\/div><\/figure>\n\n\n\n<p>&#8220;<em>Somos<strong>&nbsp;Venom 2<\/strong><\/em>\u201d, fue el \u00fanico y  breve mensaje que&nbsp;<strong>Tom<\/strong> <strong>Hardy<\/strong>&nbsp;comparti\u00f3 con esta imagen; la cual est\u00e1 inspirada en las m\u00e1scaras que representan de manera visual el teatro cl\u00e1sico.<\/p>\n\n\n\n<p><strong>Historia de las m\u00e1scaras de teatro <\/strong><\/p>\n\n\n\n<p>La tragedia y la comedia son dos m\u00e1scaras que representan al teatro en todo el mundo.  Tal vez no sabias que estas m\u00e1scaras tienen nombre, <strong>Talia<\/strong>, la musa de la comedia, la m\u00fasica, el canto y la alegr\u00eda, y&nbsp;<strong>Melpomene<\/strong>, que es la musa de la tragedia. <\/p>\n\n\n\n<p><strong>\u00bfQue sabemos de Venom 2?<\/strong><\/p>\n\n\n\n<p>Hasta donde se sabe, <strong>Venom 2<\/strong>&nbsp;contar\u00e1 con&nbsp;<strong>Carnage<\/strong>&nbsp;y&nbsp;<strong>Shriek<\/strong>, personajes que fueron claves para una de las historias m\u00e1s importantes de Spider-Man en la <a href=\"https:\/\/thehypegeek.com\/index.php\/spider-man-2099-pasado-y-futuro-colisionaran\/\">d\u00e9cada de los 90s<\/a>,&nbsp;<strong>MaximunCarnage<\/strong>, esta  podr\u00eda adaptarse en este largometraje, dirigido por&nbsp;<strong>AndySerkis.<\/strong><\/p>\n\n\n\n<figure class=\"wp-block-image\"><img loading=\"lazy\" decoding=\"async\" width=\"707\" height=\"720\" src=\"https:\/\/thehypegeek.com\/wp-content\/uploads\/2019\/11\/shriek-quien-es-frances-louise-barrison-venom-2-debut.jpg\" alt=\" Marvel  comics -   Carnage y Shriek \" class=\"wp-image-597\" srcset=\"https:\/\/thehypegeek.com\/wp-content\/uploads\/2019\/11\/shriek-quien-es-frances-louise-barrison-venom-2-debut.jpg 707w, https:\/\/thehypegeek.com\/wp-content\/uploads\/2019\/11\/shriek-quien-es-frances-louise-barrison-venom-2-debut-295x300.jpg 295w, https:\/\/thehypegeek.com\/wp-content\/uploads\/2019\/11\/shriek-quien-es-frances-louise-barrison-venom-2-debut-75x75.jpg 75w\" sizes=\"auto, (max-width: 707px) 100vw, 707px\" \/><figcaption> Marvel  comics &#8211;  &nbsp;Carnage&nbsp;y&nbsp;Shriek <\/figcaption><\/figure>\n\n\n\n<p>Por otro lado,  la cinta podr\u00eda  sentar las bases para un  evento cinematogr\u00e1fico m\u00e1s grande, al cual se podr\u00eda integrar&nbsp;<strong>TomHolland<\/strong>&nbsp;como&nbsp;<strong><a href=\"https:\/\/thehypegeek.com\/index.php\/spider-man-into-the-spider-verse-2-ya-tenemos-fecha-confirmada\/\">Spider-Man<\/a><\/strong>, tomando en cuenta que el acuerdo entre Sony y Marvel Studios fue &#8220;renovado&#8221; llegando a nuevos t\u00e9rminos.<\/p>\n\n\n\n<p>D\u00e9janos saber tu opini\u00f3n y recuerda seguirnos en nuestras redes\nsociales:<\/p>\n\n\n\n<p>Facebook:&nbsp;<a href=\"https:\/\/www.facebook.com\/THG506\">The Hype Geek LATAM<\/a><br>Instagram: @crthehype<br>Youtube: The Hype Geek LATAM<\/p>\n\n\n\n<p><br><\/p>\n","protected":false},"excerpt":{"rendered":"<p>Hace un par de d\u00edas,&nbsp;TomHardy&nbsp;comparti\u00f3 en su cuenta de Instagram una particular imagen, donde las m\u00e1scaras de la comedia y&hellip;<\/p>\n","protected":false},"author":2,"featured_media":598,"comment_status":"open","ping_status":"open","sticky":false,"template":"","format":"standard","meta":{"footnotes":""},"categories":[8,30],"tags":[185,131,187,79,67,184],"class_list":["post-595","post","type-post","status-publish","format-standard","has-post-thumbnail","hentry","category-cine-y-tv","category-noticias","tag-carnage","tag-marvel","tag-shriek","tag-sony","tag-spider-man","tag-venom-2"],"yoast_head":"<!-- This site is optimized with the Yoast SEO plugin v27.3 - https:\/\/yoast.com\/product\/yoast-seo-wordpress\/ -->\n<title>Venom 2: Tom Hardy adelanta que habr\u00e1 pelea contra Carnage -<\/title>\n<meta name=\"description\" content=\"Venom 2, hace un par de d\u00edas, TomHardy comparti\u00f3 en su cuenta de Instagram una particular imagen, donde las m\u00e1scaras de la comedia y la tragedia\" \/>\n<meta name=\"robots\" content=\"index, follow, max-snippet:-1, max-image-preview:large, max-video-preview:-1\" \/>\n<link rel=\"canonical\" href=\"https:\/\/thehypegeek.com\/index.php\/venom-2\/\" \/>\n<meta name=\"twitter:label1\" content=\"Written by\" \/>\n\t<meta name=\"twitter:data1\" content=\"D\u00e1ger Z\u00fa\u00f1iga Navarro\" \/>\n\t<meta name=\"twitter:label2\" content=\"Est. reading time\" \/>\n\t<meta name=\"twitter:data2\" content=\"1 minuto\" \/>\n<script type=\"application\/ld+json\" class=\"yoast-schema-graph\">{\"@context\":\"https:\\\/\\\/schema.org\",\"@graph\":[{\"@type\":\"Article\",\"@id\":\"https:\\\/\\\/thehypegeek.com\\\/index.php\\\/venom-2\\\/#article\",\"isPartOf\":{\"@id\":\"https:\\\/\\\/thehypegeek.com\\\/index.php\\\/venom-2\\\/\"},\"author\":{\"name\":\"D\u00e1ger Z\u00fa\u00f1iga Navarro\",\"@id\":\"https:\\\/\\\/thehypegeek.com\\\/#\\\/schema\\\/person\\\/c98761e10c82dbb4f9367f0365b59891\"},\"headline\":\"Venom 2: Tom Hardy adelanta que habr\u00e1 pelea contra Carnage\",\"datePublished\":\"2019-11-08T04:45:53+00:00\",\"dateModified\":\"2019-11-08T22:39:55+00:00\",\"mainEntityOfPage\":{\"@id\":\"https:\\\/\\\/thehypegeek.com\\\/index.php\\\/venom-2\\\/\"},\"wordCount\":292,\"commentCount\":0,\"publisher\":{\"@id\":\"https:\\\/\\\/thehypegeek.com\\\/#organization\"},\"image\":{\"@id\":\"https:\\\/\\\/thehypegeek.com\\\/index.php\\\/venom-2\\\/#primaryimage\"},\"thumbnailUrl\":\"https:\\\/\\\/thehypegeek.com\\\/wp-content\\\/uploads\\\/2019\\\/11\\\/venom-2.png\",\"keywords\":[\"Carnage\",\"Marvel\",\"Shriek\",\"Sony\",\"Spider-Man\",\"Venom 2\"],\"articleSection\":[\"cine y tv\",\"Noticias\"],\"inLanguage\":\"es-CR\",\"potentialAction\":[{\"@type\":\"CommentAction\",\"name\":\"Comment\",\"target\":[\"https:\\\/\\\/thehypegeek.com\\\/index.php\\\/venom-2\\\/#respond\"]}]},{\"@type\":\"WebPage\",\"@id\":\"https:\\\/\\\/thehypegeek.com\\\/index.php\\\/venom-2\\\/\",\"url\":\"https:\\\/\\\/thehypegeek.com\\\/index.php\\\/venom-2\\\/\",\"name\":\"Venom 2: Tom Hardy adelanta que habr\u00e1 pelea contra Carnage -\",\"isPartOf\":{\"@id\":\"https:\\\/\\\/thehypegeek.com\\\/#website\"},\"primaryImageOfPage\":{\"@id\":\"https:\\\/\\\/thehypegeek.com\\\/index.php\\\/venom-2\\\/#primaryimage\"},\"image\":{\"@id\":\"https:\\\/\\\/thehypegeek.com\\\/index.php\\\/venom-2\\\/#primaryimage\"},\"thumbnailUrl\":\"https:\\\/\\\/thehypegeek.com\\\/wp-content\\\/uploads\\\/2019\\\/11\\\/venom-2.png\",\"datePublished\":\"2019-11-08T04:45:53+00:00\",\"dateModified\":\"2019-11-08T22:39:55+00:00\",\"description\":\"Venom 2, hace un par de d\u00edas, TomHardy comparti\u00f3 en su cuenta de Instagram una particular imagen, donde las m\u00e1scaras de la comedia y la tragedia\",\"breadcrumb\":{\"@id\":\"https:\\\/\\\/thehypegeek.com\\\/index.php\\\/venom-2\\\/#breadcrumb\"},\"inLanguage\":\"es-CR\",\"potentialAction\":[{\"@type\":\"ReadAction\",\"target\":[\"https:\\\/\\\/thehypegeek.com\\\/index.php\\\/venom-2\\\/\"]}]},{\"@type\":\"ImageObject\",\"inLanguage\":\"es-CR\",\"@id\":\"https:\\\/\\\/thehypegeek.com\\\/index.php\\\/venom-2\\\/#primaryimage\",\"url\":\"https:\\\/\\\/thehypegeek.com\\\/wp-content\\\/uploads\\\/2019\\\/11\\\/venom-2.png\",\"contentUrl\":\"https:\\\/\\\/thehypegeek.com\\\/wp-content\\\/uploads\\\/2019\\\/11\\\/venom-2.png\",\"width\":702,\"height\":392,\"caption\":\"venom 2 header\"},{\"@type\":\"BreadcrumbList\",\"@id\":\"https:\\\/\\\/thehypegeek.com\\\/index.php\\\/venom-2\\\/#breadcrumb\",\"itemListElement\":[{\"@type\":\"ListItem\",\"position\":1,\"name\":\"Home\",\"item\":\"https:\\\/\\\/thehypegeek.com\\\/\"},{\"@type\":\"ListItem\",\"position\":2,\"name\":\"Venom 2: Tom Hardy adelanta que habr\u00e1 pelea contra Carnage\"}]},{\"@type\":\"WebSite\",\"@id\":\"https:\\\/\\\/thehypegeek.com\\\/#website\",\"url\":\"https:\\\/\\\/thehypegeek.com\\\/\",\"name\":\"The Hype Geek\",\"description\":\"The Hype Geek\",\"publisher\":{\"@id\":\"https:\\\/\\\/thehypegeek.com\\\/#organization\"},\"potentialAction\":[{\"@type\":\"SearchAction\",\"target\":{\"@type\":\"EntryPoint\",\"urlTemplate\":\"https:\\\/\\\/thehypegeek.com\\\/?s={search_term_string}\"},\"query-input\":{\"@type\":\"PropertyValueSpecification\",\"valueRequired\":true,\"valueName\":\"search_term_string\"}}],\"inLanguage\":\"es-CR\"},{\"@type\":\"Organization\",\"@id\":\"https:\\\/\\\/thehypegeek.com\\\/#organization\",\"name\":\"The Hype Geek\",\"url\":\"https:\\\/\\\/thehypegeek.com\\\/\",\"logo\":{\"@type\":\"ImageObject\",\"inLanguage\":\"es-CR\",\"@id\":\"https:\\\/\\\/thehypegeek.com\\\/#\\\/schema\\\/logo\\\/image\\\/\",\"url\":\"https:\\\/\\\/thehypegeek.com\\\/wp-content\\\/uploads\\\/2023\\\/03\\\/unnamed-1.png\",\"contentUrl\":\"https:\\\/\\\/thehypegeek.com\\\/wp-content\\\/uploads\\\/2023\\\/03\\\/unnamed-1.png\",\"width\":210,\"height\":100,\"caption\":\"The Hype Geek\"},\"image\":{\"@id\":\"https:\\\/\\\/thehypegeek.com\\\/#\\\/schema\\\/logo\\\/image\\\/\"},\"sameAs\":[\"https:\\\/\\\/www.facebook.com\\\/THG506\"]},{\"@type\":\"Person\",\"@id\":\"https:\\\/\\\/thehypegeek.com\\\/#\\\/schema\\\/person\\\/c98761e10c82dbb4f9367f0365b59891\",\"name\":\"D\u00e1ger Z\u00fa\u00f1iga Navarro\",\"image\":{\"@type\":\"ImageObject\",\"inLanguage\":\"es-CR\",\"@id\":\"https:\\\/\\\/secure.gravatar.com\\\/avatar\\\/6ce41c8ac13f6cf7b11b7f964bb22376105d1aba0ff93d63e8349624234e6f2b?s=96&d=mm&r=g\",\"url\":\"https:\\\/\\\/secure.gravatar.com\\\/avatar\\\/6ce41c8ac13f6cf7b11b7f964bb22376105d1aba0ff93d63e8349624234e6f2b?s=96&d=mm&r=g\",\"contentUrl\":\"https:\\\/\\\/secure.gravatar.com\\\/avatar\\\/6ce41c8ac13f6cf7b11b7f964bb22376105d1aba0ff93d63e8349624234e6f2b?s=96&d=mm&r=g\",\"caption\":\"D\u00e1ger Z\u00fa\u00f1iga Navarro\"},\"url\":\"https:\\\/\\\/thehypegeek.com\\\/index.php\\\/author\\\/dagerzuga\\\/\"}]}<\/script>\n<!-- \/ Yoast SEO plugin. -->","yoast_head_json":{"title":"Venom 2: Tom Hardy adelanta que habr\u00e1 pelea contra Carnage -","description":"Venom 2, hace un par de d\u00edas, TomHardy comparti\u00f3 en su cuenta de Instagram una particular imagen, donde las m\u00e1scaras de la comedia y la tragedia","robots":{"index":"index","follow":"follow","max-snippet":"max-snippet:-1","max-image-preview":"max-image-preview:large","max-video-preview":"max-video-preview:-1"},"canonical":"https:\/\/thehypegeek.com\/index.php\/venom-2\/","twitter_misc":{"Written by":"D\u00e1ger Z\u00fa\u00f1iga Navarro","Est. reading time":"1 minuto"},"schema":{"@context":"https:\/\/schema.org","@graph":[{"@type":"Article","@id":"https:\/\/thehypegeek.com\/index.php\/venom-2\/#article","isPartOf":{"@id":"https:\/\/thehypegeek.com\/index.php\/venom-2\/"},"author":{"name":"D\u00e1ger Z\u00fa\u00f1iga Navarro","@id":"https:\/\/thehypegeek.com\/#\/schema\/person\/c98761e10c82dbb4f9367f0365b59891"},"headline":"Venom 2: Tom Hardy adelanta que habr\u00e1 pelea contra Carnage","datePublished":"2019-11-08T04:45:53+00:00","dateModified":"2019-11-08T22:39:55+00:00","mainEntityOfPage":{"@id":"https:\/\/thehypegeek.com\/index.php\/venom-2\/"},"wordCount":292,"commentCount":0,"publisher":{"@id":"https:\/\/thehypegeek.com\/#organization"},"image":{"@id":"https:\/\/thehypegeek.com\/index.php\/venom-2\/#primaryimage"},"thumbnailUrl":"https:\/\/thehypegeek.com\/wp-content\/uploads\/2019\/11\/venom-2.png","keywords":["Carnage","Marvel","Shriek","Sony","Spider-Man","Venom 2"],"articleSection":["cine y tv","Noticias"],"inLanguage":"es-CR","potentialAction":[{"@type":"CommentAction","name":"Comment","target":["https:\/\/thehypegeek.com\/index.php\/venom-2\/#respond"]}]},{"@type":"WebPage","@id":"https:\/\/thehypegeek.com\/index.php\/venom-2\/","url":"https:\/\/thehypegeek.com\/index.php\/venom-2\/","name":"Venom 2: Tom Hardy adelanta que habr\u00e1 pelea contra Carnage -","isPartOf":{"@id":"https:\/\/thehypegeek.com\/#website"},"primaryImageOfPage":{"@id":"https:\/\/thehypegeek.com\/index.php\/venom-2\/#primaryimage"},"image":{"@id":"https:\/\/thehypegeek.com\/index.php\/venom-2\/#primaryimage"},"thumbnailUrl":"https:\/\/thehypegeek.com\/wp-content\/uploads\/2019\/11\/venom-2.png","datePublished":"2019-11-08T04:45:53+00:00","dateModified":"2019-11-08T22:39:55+00:00","description":"Venom 2, hace un par de d\u00edas, TomHardy comparti\u00f3 en su cuenta de Instagram una particular imagen, donde las m\u00e1scaras de la comedia y la tragedia","breadcrumb":{"@id":"https:\/\/thehypegeek.com\/index.php\/venom-2\/#breadcrumb"},"inLanguage":"es-CR","potentialAction":[{"@type":"ReadAction","target":["https:\/\/thehypegeek.com\/index.php\/venom-2\/"]}]},{"@type":"ImageObject","inLanguage":"es-CR","@id":"https:\/\/thehypegeek.com\/index.php\/venom-2\/#primaryimage","url":"https:\/\/thehypegeek.com\/wp-content\/uploads\/2019\/11\/venom-2.png","contentUrl":"https:\/\/thehypegeek.com\/wp-content\/uploads\/2019\/11\/venom-2.png","width":702,"height":392,"caption":"venom 2 header"},{"@type":"BreadcrumbList","@id":"https:\/\/thehypegeek.com\/index.php\/venom-2\/#breadcrumb","itemListElement":[{"@type":"ListItem","position":1,"name":"Home","item":"https:\/\/thehypegeek.com\/"},{"@type":"ListItem","position":2,"name":"Venom 2: Tom Hardy adelanta que habr\u00e1 pelea contra Carnage"}]},{"@type":"WebSite","@id":"https:\/\/thehypegeek.com\/#website","url":"https:\/\/thehypegeek.com\/","name":"The Hype Geek","description":"The Hype Geek","publisher":{"@id":"https:\/\/thehypegeek.com\/#organization"},"potentialAction":[{"@type":"SearchAction","target":{"@type":"EntryPoint","urlTemplate":"https:\/\/thehypegeek.com\/?s={search_term_string}"},"query-input":{"@type":"PropertyValueSpecification","valueRequired":true,"valueName":"search_term_string"}}],"inLanguage":"es-CR"},{"@type":"Organization","@id":"https:\/\/thehypegeek.com\/#organization","name":"The Hype Geek","url":"https:\/\/thehypegeek.com\/","logo":{"@type":"ImageObject","inLanguage":"es-CR","@id":"https:\/\/thehypegeek.com\/#\/schema\/logo\/image\/","url":"https:\/\/thehypegeek.com\/wp-content\/uploads\/2023\/03\/unnamed-1.png","contentUrl":"https:\/\/thehypegeek.com\/wp-content\/uploads\/2023\/03\/unnamed-1.png","width":210,"height":100,"caption":"The Hype Geek"},"image":{"@id":"https:\/\/thehypegeek.com\/#\/schema\/logo\/image\/"},"sameAs":["https:\/\/www.facebook.com\/THG506"]},{"@type":"Person","@id":"https:\/\/thehypegeek.com\/#\/schema\/person\/c98761e10c82dbb4f9367f0365b59891","name":"D\u00e1ger Z\u00fa\u00f1iga Navarro","image":{"@type":"ImageObject","inLanguage":"es-CR","@id":"https:\/\/secure.gravatar.com\/avatar\/6ce41c8ac13f6cf7b11b7f964bb22376105d1aba0ff93d63e8349624234e6f2b?s=96&d=mm&r=g","url":"https:\/\/secure.gravatar.com\/avatar\/6ce41c8ac13f6cf7b11b7f964bb22376105d1aba0ff93d63e8349624234e6f2b?s=96&d=mm&r=g","contentUrl":"https:\/\/secure.gravatar.com\/avatar\/6ce41c8ac13f6cf7b11b7f964bb22376105d1aba0ff93d63e8349624234e6f2b?s=96&d=mm&r=g","caption":"D\u00e1ger Z\u00fa\u00f1iga Navarro"},"url":"https:\/\/thehypegeek.com\/index.php\/author\/dagerzuga\/"}]}},"_links":{"self":[{"href":"https:\/\/thehypegeek.com\/index.php\/wp-json\/wp\/v2\/posts\/595","targetHints":{"allow":["GET"]}}],"collection":[{"href":"https:\/\/thehypegeek.com\/index.php\/wp-json\/wp\/v2\/posts"}],"about":[{"href":"https:\/\/thehypegeek.com\/index.php\/wp-json\/wp\/v2\/types\/post"}],"author":[{"embeddable":true,"href":"https:\/\/thehypegeek.com\/index.php\/wp-json\/wp\/v2\/users\/2"}],"replies":[{"embeddable":true,"href":"https:\/\/thehypegeek.com\/index.php\/wp-json\/wp\/v2\/comments?post=595"}],"version-history":[{"count":2,"href":"https:\/\/thehypegeek.com\/index.php\/wp-json\/wp\/v2\/posts\/595\/revisions"}],"predecessor-version":[{"id":608,"href":"https:\/\/thehypegeek.com\/index.php\/wp-json\/wp\/v2\/posts\/595\/revisions\/608"}],"wp:featuredmedia":[{"embeddable":true,"href":"https:\/\/thehypegeek.com\/index.php\/wp-json\/wp\/v2\/media\/598"}],"wp:attachment":[{"href":"https:\/\/thehypegeek.com\/index.php\/wp-json\/wp\/v2\/media?parent=595"}],"wp:term":[{"taxonomy":"category","embeddable":true,"href":"https:\/\/thehypegeek.com\/index.php\/wp-json\/wp\/v2\/categories?post=595"},{"taxonomy":"post_tag","embeddable":true,"href":"https:\/\/thehypegeek.com\/index.php\/wp-json\/wp\/v2\/tags?post=595"}],"curies":[{"name":"wp","href":"https:\/\/api.w.org\/{rel}","templated":true}]}}