{"id":587,"date":"2019-11-07T22:13:25","date_gmt":"2019-11-08T04:13:25","guid":{"rendered":"https:\/\/thehypegeek.com\/?p=587"},"modified":"2019-11-07T22:24:36","modified_gmt":"2019-11-08T04:24:36","slug":"marvel-loki-conectara-con-doctor-strange-in-the-multiverse-of-madness","status":"publish","type":"post","link":"https:\/\/thehypegeek.com\/index.php\/marvel-loki-conectara-con-doctor-strange-in-the-multiverse-of-madness\/","title":{"rendered":"Marvel: &#8220;Loki&#8221; conectar\u00e1 con Doctor Strange in the Multiverse of Madness"},"content":{"rendered":"\n<h2 class=\"wp-block-heading\">Marvel Studios comienza a adelantar detalles de la fase 4 tras Avengers: Endgame. <\/h2>\n\n\n\n<p>De acuerdo con un nuevo informe de&nbsp;<em><a href=\"https:\/\/www.bloomberg.com\/news\/features\/2019-11-07\/inside-disney-bob-iger-on-star-wars-pixar-and-more\">Bloomberg&nbsp;Businessweek<\/a><\/em>, Kevin Feige, el mandam\u00e1s de Marvel Studios oficializ\u00f3 que los fans del MCU tendr\u00e1n que pagar una suscripci\u00f3n de Disney+, si no quieren perderse ning\u00fan detalle de lo que pr\u00f3ximamente suceder\u00e1 con la franquicia de superh\u00e9roes.<\/p>\n\n\n\n<blockquote class=\"wp-block-quote is-layout-flow wp-block-quote-is-layout-flow\"><p> <em>\u00abSi quieres entender todo en las futuras pel\u00edculas de Marvel, probablemente necesitar\u00e1s una suscripci\u00f3n a Disney+ porque los eventos de las nuevas series van a influir en futuras pel\u00edculas como&nbsp;Doctor Strange in the Multiverse of Madness\u00ab, coment\u00f3.<\/em> <\/p><cite> <em>Keving Feige<\/em> <\/cite><\/blockquote>\n\n\n\n<div class=\"wp-block-image\"><figure class=\"aligncenter\"><img loading=\"lazy\" decoding=\"async\" width=\"1024\" height=\"512\" src=\"https:\/\/thehypegeek.com\/wp-content\/uploads\/2019\/11\/scarlet-witch-doctor-strange-wandavision-2-1024x512.jpg\" alt=\"Scarlet Witch -  Doctor Strange -  wandsvision\" class=\"wp-image-588\" srcset=\"https:\/\/thehypegeek.com\/wp-content\/uploads\/2019\/11\/scarlet-witch-doctor-strange-wandavision-2-1024x512.jpg 1024w, https:\/\/thehypegeek.com\/wp-content\/uploads\/2019\/11\/scarlet-witch-doctor-strange-wandavision-2-300x150.jpg 300w, https:\/\/thehypegeek.com\/wp-content\/uploads\/2019\/11\/scarlet-witch-doctor-strange-wandavision-2-768x384.jpg 768w, https:\/\/thehypegeek.com\/wp-content\/uploads\/2019\/11\/scarlet-witch-doctor-strange-wandavision-2-360x180.jpg 360w, https:\/\/thehypegeek.com\/wp-content\/uploads\/2019\/11\/scarlet-witch-doctor-strange-wandavision-2-750x375.jpg 750w, https:\/\/thehypegeek.com\/wp-content\/uploads\/2019\/11\/scarlet-witch-doctor-strange-wandavision-2-1140x570.jpg 1140w, https:\/\/thehypegeek.com\/wp-content\/uploads\/2019\/11\/scarlet-witch-doctor-strange-wandavision-2.jpg 1920w\" sizes=\"auto, (max-width: 1024px) 100vw, 1024px\" \/><figcaption>Scarlet Witch &#8211;  Doctor Strange<\/figcaption><\/figure><\/div>\n\n\n\n<p>Lo que ya ten\u00edamos confirmado era la conexi\u00f3n directa de <em><a href=\"https:\/\/thehypegeek.com\/index.php\/falcon-and-the-winter-soldier-la-serie-inicio-grabaciones\/\">WandaVision<\/a><\/em>\u00a0de Disney+  como precuela de\u00a0<em>Doctor Strange in The Multiverse of Madness<\/em> .  Ahora bien, el d\u00eda de hoy, el mismo\u00a0Kevin Feige, CEO de Marvel Studios , aunque no adelant\u00f3 detalles m\u00e1s espec\u00edficos de la serie, ha confirmado que &#8220;Loki&#8221; tambi\u00e9n estar\u00e1 directamente conectada con la secuela de <em>Doctor Strange<\/em>.<\/p>\n\n\n\n<p> Adem\u00e1s, mencion\u00f3 que Loki  al igual que   Wanda Maximoff, ser\u00e1n personajes clave en la secuela.<\/p>\n\n\n\n<blockquote class=\"wp-block-quote is-layout-flow wp-block-quote-is-layout-flow\"><p><em>\u00abNo estoy seguro de que hayamos reconocido eso antes. Pero lo est\u00e1\u00bb, mencion\u00f3 Feige sobre el personaje de Tom Hiddleston.<\/em><\/p><cite> <em>Keving Feige<\/em> <\/cite><\/blockquote>\n\n\n\n<div class=\"wp-block-image\"><figure class=\"aligncenter\"><img loading=\"lazy\" decoding=\"async\" width=\"480\" height=\"240\" src=\"https:\/\/thehypegeek.com\/wp-content\/uploads\/2019\/11\/Doctor-Strange-The-Multiverse-Of-Madness-personajes.png\" alt=\"\" class=\"wp-image-589\" srcset=\"https:\/\/thehypegeek.com\/wp-content\/uploads\/2019\/11\/Doctor-Strange-The-Multiverse-Of-Madness-personajes.png 480w, https:\/\/thehypegeek.com\/wp-content\/uploads\/2019\/11\/Doctor-Strange-The-Multiverse-Of-Madness-personajes-300x150.png 300w, https:\/\/thehypegeek.com\/wp-content\/uploads\/2019\/11\/Doctor-Strange-The-Multiverse-Of-Madness-personajes-360x180.png 360w\" sizes=\"auto, (max-width: 480px) 100vw, 480px\" \/><figcaption>Doctor Strange &#8211; Loki &#8211; Wanda<\/figcaption><\/figure><\/div>\n\n\n\n<p>Loki estar\u00e1 listo para llegar a las pantallas de Disney+ en&nbsp;<strong>primavera de 2021&nbsp;<\/strong>con 6 episodios de una hora cada uno. Por otra parte&nbsp;<em>Doctor Strange in the Multiverse of Madness<\/em>&nbsp;llegar\u00e1 a los cines el pr\u00f3ximo&nbsp;<strong>7 de mayo de 2021<\/strong>. <\/p>\n\n\n\n<p>Habiendo mencionado todo esto, muchos se preguntar\u00e1n, \u00bfPodr\u00eda Loki tambi\u00e9n conectar  con&nbsp;<em>Thor: Love and Thunder<\/em>? La respuesta podr\u00eda ser obvia y  afirmativa,asumiendo que la cinta se estrenar\u00e1 el&nbsp;<strong>5 de noviembre de 2021<\/strong>. <\/p>\n\n\n\n<figure class=\"wp-block-image\"><img loading=\"lazy\" decoding=\"async\" width=\"486\" height=\"356\" src=\"https:\/\/thehypegeek.com\/wp-content\/uploads\/2019\/11\/Doctor-Strange-Loki-Disney-Marvel-1.gif\" alt=\"Loki disney plus\" class=\"wp-image-591\"\/><figcaption>Loki<\/figcaption><\/figure>\n\n\n\n<p>D\u00e9janos saber tu opini\u00f3n y recuerda seguirnos en nuestras redes\nsociales:<\/p>\n\n\n\n<p>Facebook:&nbsp;<a href=\"https:\/\/www.facebook.com\/THG506\">The Hype Geek LATAM<\/a><br>Instagram: @crthehype<br>Youtube: The Hype Geek LATAM<\/p>\n","protected":false},"excerpt":{"rendered":"<p>Marvel Studios comienza a adelantar detalles de la fase 4 tras Avengers: Endgame.<\/p>\n","protected":false},"author":1,"featured_media":590,"comment_status":"open","ping_status":"open","sticky":false,"template":"","format":"standard","meta":{"footnotes":""},"categories":[8,30],"tags":[57,180,178,181,131,179,183],"class_list":["post-587","post","type-post","status-publish","format-standard","has-post-thumbnail","hentry","category-cine-y-tv","category-noticias","tag-disney","tag-doctor-strange","tag-doctor-strange-in-the-multiverse-of-madness","tag-loki","tag-marvel","tag-multiverse-of-madness","tag-wanda-maximoff"],"yoast_head":"<!-- This site is optimized with the Yoast SEO plugin v27.3 - https:\/\/yoast.com\/product\/yoast-seo-wordpress\/ -->\n<title>Marvel: &quot;Loki&quot; conectar\u00e1 con Doctor Strange in the Multiverse of Madness -<\/title>\n<meta name=\"description\" content=\"Marvel Studios comienza a adelantar detalles de la fase 4. Lo que ya ten\u00edamos confirmado era la conexi\u00f3n directa de WandaVision de Disney+\" \/>\n<meta name=\"robots\" content=\"index, follow, max-snippet:-1, max-image-preview:large, max-video-preview:-1\" \/>\n<link rel=\"canonical\" href=\"https:\/\/thehypegeek.com\/index.php\/marvel-loki-conectara-con-doctor-strange-in-the-multiverse-of-madness\/\" \/>\n<meta name=\"twitter:label1\" content=\"Written by\" \/>\n\t<meta name=\"twitter:data1\" content=\"Jose Villarreal\" \/>\n\t<meta name=\"twitter:label2\" content=\"Est. reading time\" \/>\n\t<meta name=\"twitter:data2\" content=\"2 minutos\" \/>\n<script type=\"application\/ld+json\" class=\"yoast-schema-graph\">{\"@context\":\"https:\\\/\\\/schema.org\",\"@graph\":[{\"@type\":\"Article\",\"@id\":\"https:\\\/\\\/thehypegeek.com\\\/index.php\\\/marvel-loki-conectara-con-doctor-strange-in-the-multiverse-of-madness\\\/#article\",\"isPartOf\":{\"@id\":\"https:\\\/\\\/thehypegeek.com\\\/index.php\\\/marvel-loki-conectara-con-doctor-strange-in-the-multiverse-of-madness\\\/\"},\"author\":{\"name\":\"Jose Villarreal\",\"@id\":\"https:\\\/\\\/thehypegeek.com\\\/#\\\/schema\\\/person\\\/cba8a8e4df3fd0fa4f7c9c021126e2d7\"},\"headline\":\"Marvel: &#8220;Loki&#8221; conectar\u00e1 con Doctor Strange in the Multiverse of Madness\",\"datePublished\":\"2019-11-08T04:13:25+00:00\",\"dateModified\":\"2019-11-08T04:24:36+00:00\",\"mainEntityOfPage\":{\"@id\":\"https:\\\/\\\/thehypegeek.com\\\/index.php\\\/marvel-loki-conectara-con-doctor-strange-in-the-multiverse-of-madness\\\/\"},\"wordCount\":347,\"commentCount\":0,\"publisher\":{\"@id\":\"https:\\\/\\\/thehypegeek.com\\\/#organization\"},\"image\":{\"@id\":\"https:\\\/\\\/thehypegeek.com\\\/index.php\\\/marvel-loki-conectara-con-doctor-strange-in-the-multiverse-of-madness\\\/#primaryimage\"},\"thumbnailUrl\":\"https:\\\/\\\/thehypegeek.com\\\/wp-content\\\/uploads\\\/2019\\\/11\\\/Doctor-Strange-The-Multiverse-Of-Madness.jpg\",\"keywords\":[\"Disney\",\"Doctor Strange\",\"Doctor Strange in the Multiverse of Madness\",\"Loki\",\"Marvel\",\"Multiverse of Madness\",\"Wanda Maximoff\"],\"articleSection\":[\"cine y tv\",\"Noticias\"],\"inLanguage\":\"es-CR\",\"potentialAction\":[{\"@type\":\"CommentAction\",\"name\":\"Comment\",\"target\":[\"https:\\\/\\\/thehypegeek.com\\\/index.php\\\/marvel-loki-conectara-con-doctor-strange-in-the-multiverse-of-madness\\\/#respond\"]}]},{\"@type\":\"WebPage\",\"@id\":\"https:\\\/\\\/thehypegeek.com\\\/index.php\\\/marvel-loki-conectara-con-doctor-strange-in-the-multiverse-of-madness\\\/\",\"url\":\"https:\\\/\\\/thehypegeek.com\\\/index.php\\\/marvel-loki-conectara-con-doctor-strange-in-the-multiverse-of-madness\\\/\",\"name\":\"Marvel: \\\"Loki\\\" conectar\u00e1 con Doctor Strange in the Multiverse of Madness -\",\"isPartOf\":{\"@id\":\"https:\\\/\\\/thehypegeek.com\\\/#website\"},\"primaryImageOfPage\":{\"@id\":\"https:\\\/\\\/thehypegeek.com\\\/index.php\\\/marvel-loki-conectara-con-doctor-strange-in-the-multiverse-of-madness\\\/#primaryimage\"},\"image\":{\"@id\":\"https:\\\/\\\/thehypegeek.com\\\/index.php\\\/marvel-loki-conectara-con-doctor-strange-in-the-multiverse-of-madness\\\/#primaryimage\"},\"thumbnailUrl\":\"https:\\\/\\\/thehypegeek.com\\\/wp-content\\\/uploads\\\/2019\\\/11\\\/Doctor-Strange-The-Multiverse-Of-Madness.jpg\",\"datePublished\":\"2019-11-08T04:13:25+00:00\",\"dateModified\":\"2019-11-08T04:24:36+00:00\",\"description\":\"Marvel Studios comienza a adelantar detalles de la fase 4. Lo que ya ten\u00edamos confirmado era la conexi\u00f3n directa de WandaVision de Disney+\",\"breadcrumb\":{\"@id\":\"https:\\\/\\\/thehypegeek.com\\\/index.php\\\/marvel-loki-conectara-con-doctor-strange-in-the-multiverse-of-madness\\\/#breadcrumb\"},\"inLanguage\":\"es-CR\",\"potentialAction\":[{\"@type\":\"ReadAction\",\"target\":[\"https:\\\/\\\/thehypegeek.com\\\/index.php\\\/marvel-loki-conectara-con-doctor-strange-in-the-multiverse-of-madness\\\/\"]}]},{\"@type\":\"ImageObject\",\"inLanguage\":\"es-CR\",\"@id\":\"https:\\\/\\\/thehypegeek.com\\\/index.php\\\/marvel-loki-conectara-con-doctor-strange-in-the-multiverse-of-madness\\\/#primaryimage\",\"url\":\"https:\\\/\\\/thehypegeek.com\\\/wp-content\\\/uploads\\\/2019\\\/11\\\/Doctor-Strange-The-Multiverse-Of-Madness.jpg\",\"contentUrl\":\"https:\\\/\\\/thehypegeek.com\\\/wp-content\\\/uploads\\\/2019\\\/11\\\/Doctor-Strange-The-Multiverse-Of-Madness.jpg\",\"width\":1280,\"height\":720,\"caption\":\"Doctor Strange The Multiverse Of Madness - header\"},{\"@type\":\"BreadcrumbList\",\"@id\":\"https:\\\/\\\/thehypegeek.com\\\/index.php\\\/marvel-loki-conectara-con-doctor-strange-in-the-multiverse-of-madness\\\/#breadcrumb\",\"itemListElement\":[{\"@type\":\"ListItem\",\"position\":1,\"name\":\"Home\",\"item\":\"https:\\\/\\\/thehypegeek.com\\\/\"},{\"@type\":\"ListItem\",\"position\":2,\"name\":\"Marvel: &#8220;Loki&#8221; conectar\u00e1 con Doctor Strange in the Multiverse of Madness\"}]},{\"@type\":\"WebSite\",\"@id\":\"https:\\\/\\\/thehypegeek.com\\\/#website\",\"url\":\"https:\\\/\\\/thehypegeek.com\\\/\",\"name\":\"The Hype Geek\",\"description\":\"The Hype Geek\",\"publisher\":{\"@id\":\"https:\\\/\\\/thehypegeek.com\\\/#organization\"},\"potentialAction\":[{\"@type\":\"SearchAction\",\"target\":{\"@type\":\"EntryPoint\",\"urlTemplate\":\"https:\\\/\\\/thehypegeek.com\\\/?s={search_term_string}\"},\"query-input\":{\"@type\":\"PropertyValueSpecification\",\"valueRequired\":true,\"valueName\":\"search_term_string\"}}],\"inLanguage\":\"es-CR\"},{\"@type\":\"Organization\",\"@id\":\"https:\\\/\\\/thehypegeek.com\\\/#organization\",\"name\":\"The Hype Geek\",\"url\":\"https:\\\/\\\/thehypegeek.com\\\/\",\"logo\":{\"@type\":\"ImageObject\",\"inLanguage\":\"es-CR\",\"@id\":\"https:\\\/\\\/thehypegeek.com\\\/#\\\/schema\\\/logo\\\/image\\\/\",\"url\":\"https:\\\/\\\/thehypegeek.com\\\/wp-content\\\/uploads\\\/2023\\\/03\\\/unnamed-1.png\",\"contentUrl\":\"https:\\\/\\\/thehypegeek.com\\\/wp-content\\\/uploads\\\/2023\\\/03\\\/unnamed-1.png\",\"width\":210,\"height\":100,\"caption\":\"The Hype Geek\"},\"image\":{\"@id\":\"https:\\\/\\\/thehypegeek.com\\\/#\\\/schema\\\/logo\\\/image\\\/\"},\"sameAs\":[\"https:\\\/\\\/www.facebook.com\\\/THG506\"]},{\"@type\":\"Person\",\"@id\":\"https:\\\/\\\/thehypegeek.com\\\/#\\\/schema\\\/person\\\/cba8a8e4df3fd0fa4f7c9c021126e2d7\",\"name\":\"Jose Villarreal\",\"image\":{\"@type\":\"ImageObject\",\"inLanguage\":\"es-CR\",\"@id\":\"https:\\\/\\\/secure.gravatar.com\\\/avatar\\\/4179af262013644e6df8aaefa813f5a7678766919634dde586531a1bba7edfdd?s=96&d=mm&r=g\",\"url\":\"https:\\\/\\\/secure.gravatar.com\\\/avatar\\\/4179af262013644e6df8aaefa813f5a7678766919634dde586531a1bba7edfdd?s=96&d=mm&r=g\",\"contentUrl\":\"https:\\\/\\\/secure.gravatar.com\\\/avatar\\\/4179af262013644e6df8aaefa813f5a7678766919634dde586531a1bba7edfdd?s=96&d=mm&r=g\",\"caption\":\"Jose Villarreal\"},\"description\":\"Docente,entusiasta del PC gaming, los e-sports, la escritura, el cine, la m\u00fasica, el baile, la cultura popular\\\/geek y el periodismo. \u00bfVan en ese orden? \u00bfTienen alg\u00fan orden? Todas esas palabras me definen de alg\u00fan modo.\",\"url\":\"https:\\\/\\\/thehypegeek.com\\\/index.php\\\/author\\\/admin\\\/\"}]}<\/script>\n<!-- \/ Yoast SEO plugin. -->","yoast_head_json":{"title":"Marvel: \"Loki\" conectar\u00e1 con Doctor Strange in the Multiverse of Madness -","description":"Marvel Studios comienza a adelantar detalles de la fase 4. Lo que ya ten\u00edamos confirmado era la conexi\u00f3n directa de WandaVision de Disney+","robots":{"index":"index","follow":"follow","max-snippet":"max-snippet:-1","max-image-preview":"max-image-preview:large","max-video-preview":"max-video-preview:-1"},"canonical":"https:\/\/thehypegeek.com\/index.php\/marvel-loki-conectara-con-doctor-strange-in-the-multiverse-of-madness\/","twitter_misc":{"Written by":"Jose Villarreal","Est. reading time":"2 minutos"},"schema":{"@context":"https:\/\/schema.org","@graph":[{"@type":"Article","@id":"https:\/\/thehypegeek.com\/index.php\/marvel-loki-conectara-con-doctor-strange-in-the-multiverse-of-madness\/#article","isPartOf":{"@id":"https:\/\/thehypegeek.com\/index.php\/marvel-loki-conectara-con-doctor-strange-in-the-multiverse-of-madness\/"},"author":{"name":"Jose Villarreal","@id":"https:\/\/thehypegeek.com\/#\/schema\/person\/cba8a8e4df3fd0fa4f7c9c021126e2d7"},"headline":"Marvel: &#8220;Loki&#8221; conectar\u00e1 con Doctor Strange in the Multiverse of Madness","datePublished":"2019-11-08T04:13:25+00:00","dateModified":"2019-11-08T04:24:36+00:00","mainEntityOfPage":{"@id":"https:\/\/thehypegeek.com\/index.php\/marvel-loki-conectara-con-doctor-strange-in-the-multiverse-of-madness\/"},"wordCount":347,"commentCount":0,"publisher":{"@id":"https:\/\/thehypegeek.com\/#organization"},"image":{"@id":"https:\/\/thehypegeek.com\/index.php\/marvel-loki-conectara-con-doctor-strange-in-the-multiverse-of-madness\/#primaryimage"},"thumbnailUrl":"https:\/\/thehypegeek.com\/wp-content\/uploads\/2019\/11\/Doctor-Strange-The-Multiverse-Of-Madness.jpg","keywords":["Disney","Doctor Strange","Doctor Strange in the Multiverse of Madness","Loki","Marvel","Multiverse of Madness","Wanda Maximoff"],"articleSection":["cine y tv","Noticias"],"inLanguage":"es-CR","potentialAction":[{"@type":"CommentAction","name":"Comment","target":["https:\/\/thehypegeek.com\/index.php\/marvel-loki-conectara-con-doctor-strange-in-the-multiverse-of-madness\/#respond"]}]},{"@type":"WebPage","@id":"https:\/\/thehypegeek.com\/index.php\/marvel-loki-conectara-con-doctor-strange-in-the-multiverse-of-madness\/","url":"https:\/\/thehypegeek.com\/index.php\/marvel-loki-conectara-con-doctor-strange-in-the-multiverse-of-madness\/","name":"Marvel: \"Loki\" conectar\u00e1 con Doctor Strange in the Multiverse of Madness -","isPartOf":{"@id":"https:\/\/thehypegeek.com\/#website"},"primaryImageOfPage":{"@id":"https:\/\/thehypegeek.com\/index.php\/marvel-loki-conectara-con-doctor-strange-in-the-multiverse-of-madness\/#primaryimage"},"image":{"@id":"https:\/\/thehypegeek.com\/index.php\/marvel-loki-conectara-con-doctor-strange-in-the-multiverse-of-madness\/#primaryimage"},"thumbnailUrl":"https:\/\/thehypegeek.com\/wp-content\/uploads\/2019\/11\/Doctor-Strange-The-Multiverse-Of-Madness.jpg","datePublished":"2019-11-08T04:13:25+00:00","dateModified":"2019-11-08T04:24:36+00:00","description":"Marvel Studios comienza a adelantar detalles de la fase 4. Lo que ya ten\u00edamos confirmado era la conexi\u00f3n directa de WandaVision de Disney+","breadcrumb":{"@id":"https:\/\/thehypegeek.com\/index.php\/marvel-loki-conectara-con-doctor-strange-in-the-multiverse-of-madness\/#breadcrumb"},"inLanguage":"es-CR","potentialAction":[{"@type":"ReadAction","target":["https:\/\/thehypegeek.com\/index.php\/marvel-loki-conectara-con-doctor-strange-in-the-multiverse-of-madness\/"]}]},{"@type":"ImageObject","inLanguage":"es-CR","@id":"https:\/\/thehypegeek.com\/index.php\/marvel-loki-conectara-con-doctor-strange-in-the-multiverse-of-madness\/#primaryimage","url":"https:\/\/thehypegeek.com\/wp-content\/uploads\/2019\/11\/Doctor-Strange-The-Multiverse-Of-Madness.jpg","contentUrl":"https:\/\/thehypegeek.com\/wp-content\/uploads\/2019\/11\/Doctor-Strange-The-Multiverse-Of-Madness.jpg","width":1280,"height":720,"caption":"Doctor Strange The Multiverse Of Madness - header"},{"@type":"BreadcrumbList","@id":"https:\/\/thehypegeek.com\/index.php\/marvel-loki-conectara-con-doctor-strange-in-the-multiverse-of-madness\/#breadcrumb","itemListElement":[{"@type":"ListItem","position":1,"name":"Home","item":"https:\/\/thehypegeek.com\/"},{"@type":"ListItem","position":2,"name":"Marvel: &#8220;Loki&#8221; conectar\u00e1 con Doctor Strange in the Multiverse of Madness"}]},{"@type":"WebSite","@id":"https:\/\/thehypegeek.com\/#website","url":"https:\/\/thehypegeek.com\/","name":"The Hype Geek","description":"The Hype Geek","publisher":{"@id":"https:\/\/thehypegeek.com\/#organization"},"potentialAction":[{"@type":"SearchAction","target":{"@type":"EntryPoint","urlTemplate":"https:\/\/thehypegeek.com\/?s={search_term_string}"},"query-input":{"@type":"PropertyValueSpecification","valueRequired":true,"valueName":"search_term_string"}}],"inLanguage":"es-CR"},{"@type":"Organization","@id":"https:\/\/thehypegeek.com\/#organization","name":"The Hype Geek","url":"https:\/\/thehypegeek.com\/","logo":{"@type":"ImageObject","inLanguage":"es-CR","@id":"https:\/\/thehypegeek.com\/#\/schema\/logo\/image\/","url":"https:\/\/thehypegeek.com\/wp-content\/uploads\/2023\/03\/unnamed-1.png","contentUrl":"https:\/\/thehypegeek.com\/wp-content\/uploads\/2023\/03\/unnamed-1.png","width":210,"height":100,"caption":"The Hype Geek"},"image":{"@id":"https:\/\/thehypegeek.com\/#\/schema\/logo\/image\/"},"sameAs":["https:\/\/www.facebook.com\/THG506"]},{"@type":"Person","@id":"https:\/\/thehypegeek.com\/#\/schema\/person\/cba8a8e4df3fd0fa4f7c9c021126e2d7","name":"Jose Villarreal","image":{"@type":"ImageObject","inLanguage":"es-CR","@id":"https:\/\/secure.gravatar.com\/avatar\/4179af262013644e6df8aaefa813f5a7678766919634dde586531a1bba7edfdd?s=96&d=mm&r=g","url":"https:\/\/secure.gravatar.com\/avatar\/4179af262013644e6df8aaefa813f5a7678766919634dde586531a1bba7edfdd?s=96&d=mm&r=g","contentUrl":"https:\/\/secure.gravatar.com\/avatar\/4179af262013644e6df8aaefa813f5a7678766919634dde586531a1bba7edfdd?s=96&d=mm&r=g","caption":"Jose Villarreal"},"description":"Docente,entusiasta del PC gaming, los e-sports, la escritura, el cine, la m\u00fasica, el baile, la cultura popular\/geek y el periodismo. \u00bfVan en ese orden? \u00bfTienen alg\u00fan orden? Todas esas palabras me definen de alg\u00fan modo.","url":"https:\/\/thehypegeek.com\/index.php\/author\/admin\/"}]}},"_links":{"self":[{"href":"https:\/\/thehypegeek.com\/index.php\/wp-json\/wp\/v2\/posts\/587","targetHints":{"allow":["GET"]}}],"collection":[{"href":"https:\/\/thehypegeek.com\/index.php\/wp-json\/wp\/v2\/posts"}],"about":[{"href":"https:\/\/thehypegeek.com\/index.php\/wp-json\/wp\/v2\/types\/post"}],"author":[{"embeddable":true,"href":"https:\/\/thehypegeek.com\/index.php\/wp-json\/wp\/v2\/users\/1"}],"replies":[{"embeddable":true,"href":"https:\/\/thehypegeek.com\/index.php\/wp-json\/wp\/v2\/comments?post=587"}],"version-history":[{"count":3,"href":"https:\/\/thehypegeek.com\/index.php\/wp-json\/wp\/v2\/posts\/587\/revisions"}],"predecessor-version":[{"id":594,"href":"https:\/\/thehypegeek.com\/index.php\/wp-json\/wp\/v2\/posts\/587\/revisions\/594"}],"wp:featuredmedia":[{"embeddable":true,"href":"https:\/\/thehypegeek.com\/index.php\/wp-json\/wp\/v2\/media\/590"}],"wp:attachment":[{"href":"https:\/\/thehypegeek.com\/index.php\/wp-json\/wp\/v2\/media?parent=587"}],"wp:term":[{"taxonomy":"category","embeddable":true,"href":"https:\/\/thehypegeek.com\/index.php\/wp-json\/wp\/v2\/categories?post=587"},{"taxonomy":"post_tag","embeddable":true,"href":"https:\/\/thehypegeek.com\/index.php\/wp-json\/wp\/v2\/tags?post=587"}],"curies":[{"name":"wp","href":"https:\/\/api.w.org\/{rel}","templated":true}]}}