{"id":500,"date":"2019-11-02T18:44:47","date_gmt":"2019-11-03T00:44:47","guid":{"rendered":"https:\/\/thehypegeek.com\/?p=500"},"modified":"2019-11-28T23:12:17","modified_gmt":"2019-11-29T05:12:17","slug":"spider-man-into-the-spider-verse-2-ya-tenemos-fecha-confirmada","status":"publish","type":"post","link":"https:\/\/thehypegeek.com\/index.php\/spider-man-into-the-spider-verse-2-ya-tenemos-fecha-confirmada\/","title":{"rendered":"Spider-Man: Into the Spider-Verse 2, \u00a1Ya tenemos fecha confirmada!"},"content":{"rendered":"\n<h3 class=\"wp-block-heading\">El director Christopher Miller confirm\u00f3 la fecha de estreno de la nueva pel\u00edcula de Miles Morales. <\/h3>\n\n\n\n<p>La cuenta oficial de la pel\u00edcula Spider-Man: Into the Spider-Verse public\u00f3 en sus redes sociales un teaser con\u00a0la fecha del 8 de abril del 2022.<\/p>\n\n\n\n<figure class=\"wp-block-embed-twitter wp-block-embed is-type-rich is-provider-twitter\"><div class=\"wp-block-embed__wrapper\">\n<blockquote class=\"twitter-tweet\" data-width=\"550\" data-dnt=\"true\"><p lang=\"es\" dir=\"ltr\">April 8, 2022 \ud83d\udd77 <a href=\"https:\/\/twitter.com\/hashtag\/SpiderVerse?src=hash&amp;ref_src=twsrc%5Etfw\">#SpiderVerse<\/a> <a href=\"https:\/\/t.co\/FC5nVIuciB\">pic.twitter.com\/FC5nVIuciB<\/a><\/p>&mdash; Spider-Man: Beyond The Spider-Verse (@SpiderVerse) <a href=\"https:\/\/twitter.com\/SpiderVerse\/status\/1190373194374377472?ref_src=twsrc%5Etfw\">November 1, 2019<\/a><\/blockquote><script async src=\"https:\/\/platform.twitter.com\/widgets.js\" charset=\"utf-8\"><\/script>\n<\/div><\/figure>\n\n\n\n<p><a href=\"https:\/\/thehypegeek.com\/index.php\/daily-bugle-y-su-campana-contra-spider-man\/\">Spider-Man<\/a>: Into the Spider-Verse,\u00a0la cual gan\u00f3 el Oscar de la categor\u00eda a mejor pel\u00edcula el pasado mes de marzo, es una de las cintas m\u00e1s exitosas del 2018.  <\/p>\n\n\n\n<p>Aunque hasta el momento es todo lo que sabemos al respecto, no hay duda que es una gran noticia para los fans del trepamuros.<\/p>\n\n\n\n<p>D\u00e9janos saber tu\nopini\u00f3n y recuerda seguirnos en nuestras redes sociales:<\/p>\n\n\n\n<p>Facebook:&nbsp;<a href=\"https:\/\/www.facebook.com\/THCR506\/?__tn__=K-R&amp;eid=ARC9UUHkGyRlZ2pNTRpJzRbVzX4m3kePL5dd0GbYjuqBDK3O_H3Ix8lICG8HKkn-srMa_mYPV3t0UTp6&amp;fref=mentions&amp;__xts__%5B0%5D=68.ARAkSdeIJS_Gg8fJM-C7EdtdafKomRxakgYO_f9pp3YKXP3sjLTBH4dJh6SG6-EfFbFftrmOaqbi04JZUyOrSmrArS2L2E-0k4ONZ8cCcIcxlPpgqrnqwbZrd38fghdAguEq0q7E3hgFf-hKCJ2tvKwS2vLEbuOptXJs0ABanTvHS_DdioikdaCrk5rgvEze4JU58dwKdMEBF5ERKOmOo63ZX2GzHorbbNoKL8YD5UZAxbd6wwWvVLbFKCsN6hKBZRkIJp7CntQDfx3KXo5NZrSnCJzVBH-jP0BO4PFnQIkux4yElY4qNhaI5_jhnRQEXUa2OOhHaHSNwv-RnN03droUQNyH\">The Hype Geek LATAM<\/a><br>Instagram: @crthehype<br>Youtube: The Hype Geek LATAM<\/p>\n","protected":false},"excerpt":{"rendered":"<p>El director Christopher Miller confirm\u00f3 la fecha de estreno de la nueva pel\u00edcula de Miles Morales. La cuenta oficial de&hellip;<\/p>\n","protected":false},"author":1,"featured_media":502,"comment_status":"open","ping_status":"open","sticky":false,"template":"","format":"standard","meta":{"footnotes":""},"categories":[8,30],"tags":[131,79,67,134],"class_list":["post-500","post","type-post","status-publish","format-standard","has-post-thumbnail","hentry","category-cine-y-tv","category-noticias","tag-marvel","tag-sony","tag-spider-man","tag-spider-man-into-the-spider-verse"],"yoast_head":"<!-- This site is optimized with the Yoast SEO plugin v27.3 - https:\/\/yoast.com\/product\/yoast-seo-wordpress\/ -->\n<title>Spider-Man: Into the Spider-Verse 2, \u00a1Ya tenemos fecha confirmada! -<\/title>\n<meta name=\"description\" content=\"La cuenta oficial de la pel\u00edcula Spider-Man: Into the Spider-Verse public\u00f3 en sus redes sociales un teaser con la fecha del 8 de abril del 2022.\" \/>\n<meta name=\"robots\" content=\"index, follow, max-snippet:-1, max-image-preview:large, max-video-preview:-1\" \/>\n<link rel=\"canonical\" href=\"https:\/\/thehypegeek.com\/index.php\/spider-man-into-the-spider-verse-2-ya-tenemos-fecha-confirmada\/\" \/>\n<meta name=\"twitter:label1\" content=\"Written by\" \/>\n\t<meta name=\"twitter:data1\" content=\"Jose Villarreal\" \/>\n\t<meta name=\"twitter:label2\" content=\"Est. reading time\" \/>\n\t<meta name=\"twitter:data2\" content=\"1 minuto\" \/>\n<script type=\"application\/ld+json\" class=\"yoast-schema-graph\">{\"@context\":\"https:\\\/\\\/schema.org\",\"@graph\":[{\"@type\":\"Article\",\"@id\":\"https:\\\/\\\/thehypegeek.com\\\/index.php\\\/spider-man-into-the-spider-verse-2-ya-tenemos-fecha-confirmada\\\/#article\",\"isPartOf\":{\"@id\":\"https:\\\/\\\/thehypegeek.com\\\/index.php\\\/spider-man-into-the-spider-verse-2-ya-tenemos-fecha-confirmada\\\/\"},\"author\":{\"name\":\"Jose Villarreal\",\"@id\":\"https:\\\/\\\/thehypegeek.com\\\/#\\\/schema\\\/person\\\/cba8a8e4df3fd0fa4f7c9c021126e2d7\"},\"headline\":\"Spider-Man: Into the Spider-Verse 2, \u00a1Ya tenemos fecha confirmada!\",\"datePublished\":\"2019-11-03T00:44:47+00:00\",\"dateModified\":\"2019-11-29T05:12:17+00:00\",\"mainEntityOfPage\":{\"@id\":\"https:\\\/\\\/thehypegeek.com\\\/index.php\\\/spider-man-into-the-spider-verse-2-ya-tenemos-fecha-confirmada\\\/\"},\"wordCount\":135,\"commentCount\":0,\"publisher\":{\"@id\":\"https:\\\/\\\/thehypegeek.com\\\/#organization\"},\"image\":{\"@id\":\"https:\\\/\\\/thehypegeek.com\\\/index.php\\\/spider-man-into-the-spider-verse-2-ya-tenemos-fecha-confirmada\\\/#primaryimage\"},\"thumbnailUrl\":\"https:\\\/\\\/thehypegeek.com\\\/wp-content\\\/uploads\\\/2019\\\/11\\\/spider-verse-2.jpg\",\"keywords\":[\"Marvel\",\"Sony\",\"Spider-Man\",\"Spider-Man: Into the Spider-Verse\"],\"articleSection\":[\"cine y tv\",\"Noticias\"],\"inLanguage\":\"es-CR\",\"potentialAction\":[{\"@type\":\"CommentAction\",\"name\":\"Comment\",\"target\":[\"https:\\\/\\\/thehypegeek.com\\\/index.php\\\/spider-man-into-the-spider-verse-2-ya-tenemos-fecha-confirmada\\\/#respond\"]}]},{\"@type\":\"WebPage\",\"@id\":\"https:\\\/\\\/thehypegeek.com\\\/index.php\\\/spider-man-into-the-spider-verse-2-ya-tenemos-fecha-confirmada\\\/\",\"url\":\"https:\\\/\\\/thehypegeek.com\\\/index.php\\\/spider-man-into-the-spider-verse-2-ya-tenemos-fecha-confirmada\\\/\",\"name\":\"Spider-Man: Into the Spider-Verse 2, \u00a1Ya tenemos fecha confirmada! -\",\"isPartOf\":{\"@id\":\"https:\\\/\\\/thehypegeek.com\\\/#website\"},\"primaryImageOfPage\":{\"@id\":\"https:\\\/\\\/thehypegeek.com\\\/index.php\\\/spider-man-into-the-spider-verse-2-ya-tenemos-fecha-confirmada\\\/#primaryimage\"},\"image\":{\"@id\":\"https:\\\/\\\/thehypegeek.com\\\/index.php\\\/spider-man-into-the-spider-verse-2-ya-tenemos-fecha-confirmada\\\/#primaryimage\"},\"thumbnailUrl\":\"https:\\\/\\\/thehypegeek.com\\\/wp-content\\\/uploads\\\/2019\\\/11\\\/spider-verse-2.jpg\",\"datePublished\":\"2019-11-03T00:44:47+00:00\",\"dateModified\":\"2019-11-29T05:12:17+00:00\",\"description\":\"La cuenta oficial de la pel\u00edcula Spider-Man: Into the Spider-Verse public\u00f3 en sus redes sociales un teaser con la fecha del 8 de abril del 2022.\",\"breadcrumb\":{\"@id\":\"https:\\\/\\\/thehypegeek.com\\\/index.php\\\/spider-man-into-the-spider-verse-2-ya-tenemos-fecha-confirmada\\\/#breadcrumb\"},\"inLanguage\":\"es-CR\",\"potentialAction\":[{\"@type\":\"ReadAction\",\"target\":[\"https:\\\/\\\/thehypegeek.com\\\/index.php\\\/spider-man-into-the-spider-verse-2-ya-tenemos-fecha-confirmada\\\/\"]}]},{\"@type\":\"ImageObject\",\"inLanguage\":\"es-CR\",\"@id\":\"https:\\\/\\\/thehypegeek.com\\\/index.php\\\/spider-man-into-the-spider-verse-2-ya-tenemos-fecha-confirmada\\\/#primaryimage\",\"url\":\"https:\\\/\\\/thehypegeek.com\\\/wp-content\\\/uploads\\\/2019\\\/11\\\/spider-verse-2.jpg\",\"contentUrl\":\"https:\\\/\\\/thehypegeek.com\\\/wp-content\\\/uploads\\\/2019\\\/11\\\/spider-verse-2.jpg\",\"width\":1280,\"height\":545,\"caption\":\"spider-verse-2\"},{\"@type\":\"BreadcrumbList\",\"@id\":\"https:\\\/\\\/thehypegeek.com\\\/index.php\\\/spider-man-into-the-spider-verse-2-ya-tenemos-fecha-confirmada\\\/#breadcrumb\",\"itemListElement\":[{\"@type\":\"ListItem\",\"position\":1,\"name\":\"Home\",\"item\":\"https:\\\/\\\/thehypegeek.com\\\/\"},{\"@type\":\"ListItem\",\"position\":2,\"name\":\"Spider-Man: Into the Spider-Verse 2, \u00a1Ya tenemos fecha confirmada!\"}]},{\"@type\":\"WebSite\",\"@id\":\"https:\\\/\\\/thehypegeek.com\\\/#website\",\"url\":\"https:\\\/\\\/thehypegeek.com\\\/\",\"name\":\"The Hype Geek\",\"description\":\"The Hype Geek\",\"publisher\":{\"@id\":\"https:\\\/\\\/thehypegeek.com\\\/#organization\"},\"potentialAction\":[{\"@type\":\"SearchAction\",\"target\":{\"@type\":\"EntryPoint\",\"urlTemplate\":\"https:\\\/\\\/thehypegeek.com\\\/?s={search_term_string}\"},\"query-input\":{\"@type\":\"PropertyValueSpecification\",\"valueRequired\":true,\"valueName\":\"search_term_string\"}}],\"inLanguage\":\"es-CR\"},{\"@type\":\"Organization\",\"@id\":\"https:\\\/\\\/thehypegeek.com\\\/#organization\",\"name\":\"The Hype Geek\",\"url\":\"https:\\\/\\\/thehypegeek.com\\\/\",\"logo\":{\"@type\":\"ImageObject\",\"inLanguage\":\"es-CR\",\"@id\":\"https:\\\/\\\/thehypegeek.com\\\/#\\\/schema\\\/logo\\\/image\\\/\",\"url\":\"https:\\\/\\\/thehypegeek.com\\\/wp-content\\\/uploads\\\/2023\\\/03\\\/unnamed-1.png\",\"contentUrl\":\"https:\\\/\\\/thehypegeek.com\\\/wp-content\\\/uploads\\\/2023\\\/03\\\/unnamed-1.png\",\"width\":210,\"height\":100,\"caption\":\"The Hype Geek\"},\"image\":{\"@id\":\"https:\\\/\\\/thehypegeek.com\\\/#\\\/schema\\\/logo\\\/image\\\/\"},\"sameAs\":[\"https:\\\/\\\/www.facebook.com\\\/THG506\"]},{\"@type\":\"Person\",\"@id\":\"https:\\\/\\\/thehypegeek.com\\\/#\\\/schema\\\/person\\\/cba8a8e4df3fd0fa4f7c9c021126e2d7\",\"name\":\"Jose Villarreal\",\"image\":{\"@type\":\"ImageObject\",\"inLanguage\":\"es-CR\",\"@id\":\"https:\\\/\\\/secure.gravatar.com\\\/avatar\\\/4179af262013644e6df8aaefa813f5a7678766919634dde586531a1bba7edfdd?s=96&d=mm&r=g\",\"url\":\"https:\\\/\\\/secure.gravatar.com\\\/avatar\\\/4179af262013644e6df8aaefa813f5a7678766919634dde586531a1bba7edfdd?s=96&d=mm&r=g\",\"contentUrl\":\"https:\\\/\\\/secure.gravatar.com\\\/avatar\\\/4179af262013644e6df8aaefa813f5a7678766919634dde586531a1bba7edfdd?s=96&d=mm&r=g\",\"caption\":\"Jose Villarreal\"},\"description\":\"Docente,entusiasta del PC gaming, los e-sports, la escritura, el cine, la m\u00fasica, el baile, la cultura popular\\\/geek y el periodismo. \u00bfVan en ese orden? \u00bfTienen alg\u00fan orden? Todas esas palabras me definen de alg\u00fan modo.\",\"url\":\"https:\\\/\\\/thehypegeek.com\\\/index.php\\\/author\\\/admin\\\/\"}]}<\/script>\n<!-- \/ Yoast SEO plugin. -->","yoast_head_json":{"title":"Spider-Man: Into the Spider-Verse 2, \u00a1Ya tenemos fecha confirmada! -","description":"La cuenta oficial de la pel\u00edcula Spider-Man: Into the Spider-Verse public\u00f3 en sus redes sociales un teaser con la fecha del 8 de abril del 2022.","robots":{"index":"index","follow":"follow","max-snippet":"max-snippet:-1","max-image-preview":"max-image-preview:large","max-video-preview":"max-video-preview:-1"},"canonical":"https:\/\/thehypegeek.com\/index.php\/spider-man-into-the-spider-verse-2-ya-tenemos-fecha-confirmada\/","twitter_misc":{"Written by":"Jose Villarreal","Est. reading time":"1 minuto"},"schema":{"@context":"https:\/\/schema.org","@graph":[{"@type":"Article","@id":"https:\/\/thehypegeek.com\/index.php\/spider-man-into-the-spider-verse-2-ya-tenemos-fecha-confirmada\/#article","isPartOf":{"@id":"https:\/\/thehypegeek.com\/index.php\/spider-man-into-the-spider-verse-2-ya-tenemos-fecha-confirmada\/"},"author":{"name":"Jose Villarreal","@id":"https:\/\/thehypegeek.com\/#\/schema\/person\/cba8a8e4df3fd0fa4f7c9c021126e2d7"},"headline":"Spider-Man: Into the Spider-Verse 2, \u00a1Ya tenemos fecha confirmada!","datePublished":"2019-11-03T00:44:47+00:00","dateModified":"2019-11-29T05:12:17+00:00","mainEntityOfPage":{"@id":"https:\/\/thehypegeek.com\/index.php\/spider-man-into-the-spider-verse-2-ya-tenemos-fecha-confirmada\/"},"wordCount":135,"commentCount":0,"publisher":{"@id":"https:\/\/thehypegeek.com\/#organization"},"image":{"@id":"https:\/\/thehypegeek.com\/index.php\/spider-man-into-the-spider-verse-2-ya-tenemos-fecha-confirmada\/#primaryimage"},"thumbnailUrl":"https:\/\/thehypegeek.com\/wp-content\/uploads\/2019\/11\/spider-verse-2.jpg","keywords":["Marvel","Sony","Spider-Man","Spider-Man: Into the Spider-Verse"],"articleSection":["cine y tv","Noticias"],"inLanguage":"es-CR","potentialAction":[{"@type":"CommentAction","name":"Comment","target":["https:\/\/thehypegeek.com\/index.php\/spider-man-into-the-spider-verse-2-ya-tenemos-fecha-confirmada\/#respond"]}]},{"@type":"WebPage","@id":"https:\/\/thehypegeek.com\/index.php\/spider-man-into-the-spider-verse-2-ya-tenemos-fecha-confirmada\/","url":"https:\/\/thehypegeek.com\/index.php\/spider-man-into-the-spider-verse-2-ya-tenemos-fecha-confirmada\/","name":"Spider-Man: Into the Spider-Verse 2, \u00a1Ya tenemos fecha confirmada! -","isPartOf":{"@id":"https:\/\/thehypegeek.com\/#website"},"primaryImageOfPage":{"@id":"https:\/\/thehypegeek.com\/index.php\/spider-man-into-the-spider-verse-2-ya-tenemos-fecha-confirmada\/#primaryimage"},"image":{"@id":"https:\/\/thehypegeek.com\/index.php\/spider-man-into-the-spider-verse-2-ya-tenemos-fecha-confirmada\/#primaryimage"},"thumbnailUrl":"https:\/\/thehypegeek.com\/wp-content\/uploads\/2019\/11\/spider-verse-2.jpg","datePublished":"2019-11-03T00:44:47+00:00","dateModified":"2019-11-29T05:12:17+00:00","description":"La cuenta oficial de la pel\u00edcula Spider-Man: Into the Spider-Verse public\u00f3 en sus redes sociales un teaser con la fecha del 8 de abril del 2022.","breadcrumb":{"@id":"https:\/\/thehypegeek.com\/index.php\/spider-man-into-the-spider-verse-2-ya-tenemos-fecha-confirmada\/#breadcrumb"},"inLanguage":"es-CR","potentialAction":[{"@type":"ReadAction","target":["https:\/\/thehypegeek.com\/index.php\/spider-man-into-the-spider-verse-2-ya-tenemos-fecha-confirmada\/"]}]},{"@type":"ImageObject","inLanguage":"es-CR","@id":"https:\/\/thehypegeek.com\/index.php\/spider-man-into-the-spider-verse-2-ya-tenemos-fecha-confirmada\/#primaryimage","url":"https:\/\/thehypegeek.com\/wp-content\/uploads\/2019\/11\/spider-verse-2.jpg","contentUrl":"https:\/\/thehypegeek.com\/wp-content\/uploads\/2019\/11\/spider-verse-2.jpg","width":1280,"height":545,"caption":"spider-verse-2"},{"@type":"BreadcrumbList","@id":"https:\/\/thehypegeek.com\/index.php\/spider-man-into-the-spider-verse-2-ya-tenemos-fecha-confirmada\/#breadcrumb","itemListElement":[{"@type":"ListItem","position":1,"name":"Home","item":"https:\/\/thehypegeek.com\/"},{"@type":"ListItem","position":2,"name":"Spider-Man: Into the Spider-Verse 2, \u00a1Ya tenemos fecha confirmada!"}]},{"@type":"WebSite","@id":"https:\/\/thehypegeek.com\/#website","url":"https:\/\/thehypegeek.com\/","name":"The Hype Geek","description":"The Hype Geek","publisher":{"@id":"https:\/\/thehypegeek.com\/#organization"},"potentialAction":[{"@type":"SearchAction","target":{"@type":"EntryPoint","urlTemplate":"https:\/\/thehypegeek.com\/?s={search_term_string}"},"query-input":{"@type":"PropertyValueSpecification","valueRequired":true,"valueName":"search_term_string"}}],"inLanguage":"es-CR"},{"@type":"Organization","@id":"https:\/\/thehypegeek.com\/#organization","name":"The Hype Geek","url":"https:\/\/thehypegeek.com\/","logo":{"@type":"ImageObject","inLanguage":"es-CR","@id":"https:\/\/thehypegeek.com\/#\/schema\/logo\/image\/","url":"https:\/\/thehypegeek.com\/wp-content\/uploads\/2023\/03\/unnamed-1.png","contentUrl":"https:\/\/thehypegeek.com\/wp-content\/uploads\/2023\/03\/unnamed-1.png","width":210,"height":100,"caption":"The Hype Geek"},"image":{"@id":"https:\/\/thehypegeek.com\/#\/schema\/logo\/image\/"},"sameAs":["https:\/\/www.facebook.com\/THG506"]},{"@type":"Person","@id":"https:\/\/thehypegeek.com\/#\/schema\/person\/cba8a8e4df3fd0fa4f7c9c021126e2d7","name":"Jose Villarreal","image":{"@type":"ImageObject","inLanguage":"es-CR","@id":"https:\/\/secure.gravatar.com\/avatar\/4179af262013644e6df8aaefa813f5a7678766919634dde586531a1bba7edfdd?s=96&d=mm&r=g","url":"https:\/\/secure.gravatar.com\/avatar\/4179af262013644e6df8aaefa813f5a7678766919634dde586531a1bba7edfdd?s=96&d=mm&r=g","contentUrl":"https:\/\/secure.gravatar.com\/avatar\/4179af262013644e6df8aaefa813f5a7678766919634dde586531a1bba7edfdd?s=96&d=mm&r=g","caption":"Jose Villarreal"},"description":"Docente,entusiasta del PC gaming, los e-sports, la escritura, el cine, la m\u00fasica, el baile, la cultura popular\/geek y el periodismo. \u00bfVan en ese orden? \u00bfTienen alg\u00fan orden? Todas esas palabras me definen de alg\u00fan modo.","url":"https:\/\/thehypegeek.com\/index.php\/author\/admin\/"}]}},"_links":{"self":[{"href":"https:\/\/thehypegeek.com\/index.php\/wp-json\/wp\/v2\/posts\/500","targetHints":{"allow":["GET"]}}],"collection":[{"href":"https:\/\/thehypegeek.com\/index.php\/wp-json\/wp\/v2\/posts"}],"about":[{"href":"https:\/\/thehypegeek.com\/index.php\/wp-json\/wp\/v2\/types\/post"}],"author":[{"embeddable":true,"href":"https:\/\/thehypegeek.com\/index.php\/wp-json\/wp\/v2\/users\/1"}],"replies":[{"embeddable":true,"href":"https:\/\/thehypegeek.com\/index.php\/wp-json\/wp\/v2\/comments?post=500"}],"version-history":[{"count":3,"href":"https:\/\/thehypegeek.com\/index.php\/wp-json\/wp\/v2\/posts\/500\/revisions"}],"predecessor-version":[{"id":999,"href":"https:\/\/thehypegeek.com\/index.php\/wp-json\/wp\/v2\/posts\/500\/revisions\/999"}],"wp:featuredmedia":[{"embeddable":true,"href":"https:\/\/thehypegeek.com\/index.php\/wp-json\/wp\/v2\/media\/502"}],"wp:attachment":[{"href":"https:\/\/thehypegeek.com\/index.php\/wp-json\/wp\/v2\/media?parent=500"}],"wp:term":[{"taxonomy":"category","embeddable":true,"href":"https:\/\/thehypegeek.com\/index.php\/wp-json\/wp\/v2\/categories?post=500"},{"taxonomy":"post_tag","embeddable":true,"href":"https:\/\/thehypegeek.com\/index.php\/wp-json\/wp\/v2\/tags?post=500"}],"curies":[{"name":"wp","href":"https:\/\/api.w.org\/{rel}","templated":true}]}}