{"id":462,"date":"2019-10-31T22:58:10","date_gmt":"2019-11-01T04:58:10","guid":{"rendered":"https:\/\/thehypegeek.com\/?p=462"},"modified":"2019-10-31T22:58:11","modified_gmt":"2019-11-01T04:58:11","slug":"the-witcher-nuevo-adelanto-y-fecha-de-estreno-confirmada","status":"publish","type":"post","link":"https:\/\/thehypegeek.com\/index.php\/the-witcher-nuevo-adelanto-y-fecha-de-estreno-confirmada\/","title":{"rendered":"The Witcher: Nuevo adelanto y fecha de estreno confirmada"},"content":{"rendered":"\n<h3 class=\"wp-block-heading\"> Netflix comparti\u00f3 el tr\u00e1iler final de The Witcher durante la convenci\u00f3n Lucca Comics &amp; Games 2019 y confirm\u00f3 su fecha de estreno. \u00bfCu\u00e1ndo llega? Te lo contamos \u00a1en esta nota! <\/h3>\n\n\n\n<p><strong>Netflix\u00a0<\/strong>anunci\u00f3 que la primera temporada de\u00a0<strong>The Witcher<\/strong>\u00a0llegar\u00e1 el 20 de diciembre. Fue durante su panel en la\u00a0<strong>Lucca Comics &amp; Games 2019<\/strong>, y junto a la fecha lanz\u00f3 el tr\u00e1iler final. En \u00e9l se comienza a vislumbrar c\u00f3mo se desarrollar\u00e1 la serie protagonizada por\u00a0<strong>Henry Cavill, Anya Chalotra y Freya Allan.<\/strong><\/p>\n\n\n\n<p>El adelanto empieza con el primer encuentro entre\u00a0Geralt\u00a0(Cavill)\u00a0y Yennefer\u00a0(Chalotra),\u00a0en el que, adem\u00e1s, nos presentan formalmente a los brujos. Tambi\u00e9n podemos ver varias escenas de acci\u00f3n, muchas pertenecientes a lo que se estima ser\u00e1 el primer relato que veremos en pantalla:\u00a0El mal menor. <\/p>\n\n\n\n<div class=\"wp-block-image\"><figure class=\"aligncenter\"><img loading=\"lazy\" decoding=\"async\" width=\"1000\" height=\"626\" src=\"https:\/\/thehypegeek.com\/wp-content\/uploads\/2019\/10\/Geralt-1.jpg\" alt=\" Henry Cavill  como Geralt - the witcher\" class=\"wp-image-463\" srcset=\"https:\/\/thehypegeek.com\/wp-content\/uploads\/2019\/10\/Geralt-1.jpg 1000w, https:\/\/thehypegeek.com\/wp-content\/uploads\/2019\/10\/Geralt-1-300x188.jpg 300w, https:\/\/thehypegeek.com\/wp-content\/uploads\/2019\/10\/Geralt-1-768x481.jpg 768w, https:\/\/thehypegeek.com\/wp-content\/uploads\/2019\/10\/Geralt-1-750x470.jpg 750w\" sizes=\"auto, (max-width: 1000px) 100vw, 1000px\" \/><figcaption> <strong>Henry Cavill<\/strong>  como Geralt<\/figcaption><\/figure><\/div>\n\n\n\n<p>La charla que Geralt mantiene con\u00a0<strong>Renfri<\/strong>\u00a0<em>(Emma Appleton)<\/em>,\u00a0nos indica cierta tensi\u00f3n entre estos dos. As\u00ed como tambi\u00e9n con los hombres de esta guerrera, lo que le terminar\u00e1 dando al brujo el mote de<em>\u00a0El Carnicero de Blaviken.<\/em><\/p>\n\n\n\n<div class=\"wp-block-image\"><figure class=\"aligncenter\"><img loading=\"lazy\" decoding=\"async\" width=\"1000\" height=\"562\" src=\"https:\/\/thehypegeek.com\/wp-content\/uploads\/2019\/10\/Cintra.jpg\" alt=\"Batalla de Cintra - The Witcher\" class=\"wp-image-465\" srcset=\"https:\/\/thehypegeek.com\/wp-content\/uploads\/2019\/10\/Cintra.jpg 1000w, https:\/\/thehypegeek.com\/wp-content\/uploads\/2019\/10\/Cintra-300x169.jpg 300w, https:\/\/thehypegeek.com\/wp-content\/uploads\/2019\/10\/Cintra-768x432.jpg 768w, https:\/\/thehypegeek.com\/wp-content\/uploads\/2019\/10\/Cintra-750x422.jpg 750w\" sizes=\"auto, (max-width: 1000px) 100vw, 1000px\" \/><figcaption>Batalla de Cintra &#8211; The Witcher<\/figcaption><\/figure><\/div>\n\n\n\n<p>Asimismo, nos dio im\u00e1genes de la batalla de\u00a0<strong>Cintra<\/strong>, que ser\u00e1 fundamental para que la peque\u00f1a Cirilla comience la b\u00fasqueda del famoso brujo. En esta escena, que se complementan con la del primer teaser, vemos c\u00f3mo el ejercito de Cintra choca con el de\u00a0<strong>Nilfgaard<\/strong>\u00a0y, entre ellos, aparece\u00a0<em>Cahir<\/em>, cuyo \u00fanico objetivo ser\u00e1 capturar a\u00a0<em>Ciri<\/em>.<\/p>\n\n\n\n<p>Del panel participaron la creadora de la serie\u00a0<strong>Lauren Hissrich<\/strong>, el autor de la saga de libros\u00a0<strong>Andrej Sapkowsky<\/strong>\u00a0y las protagonistas\u00a0<strong>Chalotra<\/strong>\u00a0y\u00a0<strong>Allan<\/strong>. El complejo en d\u00f3nde tuvo lugar la convenci\u00f3n fue ambientada en el universo de\u00a0<strong>The Witcher<\/strong>, y se pudieron ver desde los trajes originales hasta la espada de Geralt.<\/p>\n\n\n\n<p><strong>The Witcher<\/strong>\u00a0estar\u00e1 disponible en\u00a0<strong>Netflix<\/strong>\u00a0el 20 de diciembre.<\/p>\n\n\n\n<p>D\u00e9janos saber tu\nopini\u00f3n y recuerda seguirnos en nuestras redes sociales:<\/p>\n\n\n\n<p>Facebook:\u00a0<a href=\"https:\/\/www.facebook.com\/THCR506\/?__tn__=K-R&amp;eid=ARC9UUHkGyRlZ2pNTRpJzRbVzX4m3kePL5dd0GbYjuqBDK3O_H3Ix8lICG8HKkn-srMa_mYPV3t0UTp6&amp;fref=mentions&amp;__xts__%5B0%5D=68.ARAkSdeIJS_Gg8fJM-C7EdtdafKomRxakgYO_f9pp3YKXP3sjLTBH4dJh6SG6-EfFbFftrmOaqbi04JZUyOrSmrArS2L2E-0k4ONZ8cCcIcxlPpgqrnqwbZrd38fghdAguEq0q7E3hgFf-hKCJ2tvKwS2vLEbuOptXJs0ABanTvHS_DdioikdaCrk5rgvEze4JU58dwKdMEBF5ERKOmOo63ZX2GzHorbbNoKL8YD5UZAxbd6wwWvVLbFKCsN6hKBZRkIJp7CntQDfx3KXo5NZrSnCJzVBH-jP0BO4PFnQIkux4yElY4qNhaI5_jhnRQEXUa2OOhHaHSNwv-RnN03droUQNyH\">The Hype Geek LATAM<\/a><br>Instagram: @crthehype<br>Youtube: The Hype Geek LATAM<\/p>\n\n\n\n<p>Tambi\u00e9n podr\u00eda interesarte:<\/p>\n\n\n\n<figure class=\"wp-block-embed-wordpress wp-block-embed is-type-wp-embed is-provider-the-hype-geek-latam\"><div class=\"wp-block-embed__wrapper\">\n<blockquote class=\"wp-embedded-content\" data-secret=\"T6es6G6qwK\"><a href=\"https:\/\/thehypegeek.com\/index.php\/dr-stone-revelan-los-disenos-de-dos-nuevos-personajes\/\">Dr Stone, revelan los dise\u00f1os de dos nuevos personajes<\/a><\/blockquote><iframe loading=\"lazy\" class=\"wp-embedded-content\" sandbox=\"allow-scripts\" security=\"restricted\" style=\"position: absolute; visibility: hidden;\" title=\"&#8220;Dr Stone, revelan los dise\u00f1os de dos nuevos personajes&#8221; &#8212; \" src=\"https:\/\/thehypegeek.com\/index.php\/dr-stone-revelan-los-disenos-de-dos-nuevos-personajes\/embed\/#?secret=sCeji1gETa#?secret=T6es6G6qwK\" data-secret=\"T6es6G6qwK\" width=\"600\" height=\"338\" frameborder=\"0\" marginwidth=\"0\" marginheight=\"0\" scrolling=\"no\"><\/iframe>\n<\/div><\/figure>\n\n\n\n<p><a href=\"https:\/\/www.twitch.tv\/culturageek\"><strong><br> <\/strong><\/a><\/p>\n","protected":false},"excerpt":{"rendered":"<p>Netflix comparti\u00f3 el tr\u00e1iler final de The Witcher durante la convenci\u00f3n Lucca Comics &amp; Games 2019 y confirm\u00f3 su fecha&hellip;<\/p>\n","protected":false},"author":1,"featured_media":466,"comment_status":"open","ping_status":"open","sticky":false,"template":"","format":"video","meta":{"footnotes":""},"categories":[8,30],"tags":[116,120,118,121,115,117,64,119,114],"class_list":["post-462","post","type-post","status-publish","format-video","has-post-thumbnail","hentry","category-cine-y-tv","category-noticias","tag-andrej-sapkowsky","tag-anya-chalotra","tag-cintra","tag-freya-allan","tag-henry-cavill","tag-lucca-comics-games","tag-netflix","tag-renfri","tag-the-witcher","post_format-post-format-video"],"yoast_head":"<!-- This site is optimized with the Yoast SEO plugin v27.3 - https:\/\/yoast.com\/product\/yoast-seo-wordpress\/ -->\n<title>The Witcher: Nuevo adelanto y fecha de estreno confirmada -<\/title>\n<meta name=\"robots\" content=\"index, follow, max-snippet:-1, max-image-preview:large, max-video-preview:-1\" \/>\n<link rel=\"canonical\" href=\"https:\/\/thehypegeek.com\/index.php\/the-witcher-nuevo-adelanto-y-fecha-de-estreno-confirmada\/\" \/>\n<meta name=\"twitter:label1\" content=\"Written by\" \/>\n\t<meta name=\"twitter:data1\" content=\"Jose Villarreal\" \/>\n\t<meta name=\"twitter:label2\" content=\"Est. reading time\" \/>\n\t<meta name=\"twitter:data2\" content=\"2 minutos\" \/>\n<script type=\"application\/ld+json\" class=\"yoast-schema-graph\">{\"@context\":\"https:\\\/\\\/schema.org\",\"@graph\":[{\"@type\":\"Article\",\"@id\":\"https:\\\/\\\/thehypegeek.com\\\/index.php\\\/the-witcher-nuevo-adelanto-y-fecha-de-estreno-confirmada\\\/#article\",\"isPartOf\":{\"@id\":\"https:\\\/\\\/thehypegeek.com\\\/index.php\\\/the-witcher-nuevo-adelanto-y-fecha-de-estreno-confirmada\\\/\"},\"author\":{\"name\":\"Jose Villarreal\",\"@id\":\"https:\\\/\\\/thehypegeek.com\\\/#\\\/schema\\\/person\\\/cba8a8e4df3fd0fa4f7c9c021126e2d7\"},\"headline\":\"The Witcher: Nuevo adelanto y fecha de estreno confirmada\",\"datePublished\":\"2019-11-01T04:58:10+00:00\",\"dateModified\":\"2019-11-01T04:58:11+00:00\",\"mainEntityOfPage\":{\"@id\":\"https:\\\/\\\/thehypegeek.com\\\/index.php\\\/the-witcher-nuevo-adelanto-y-fecha-de-estreno-confirmada\\\/\"},\"wordCount\":358,\"commentCount\":0,\"publisher\":{\"@id\":\"https:\\\/\\\/thehypegeek.com\\\/#organization\"},\"image\":{\"@id\":\"https:\\\/\\\/thehypegeek.com\\\/index.php\\\/the-witcher-nuevo-adelanto-y-fecha-de-estreno-confirmada\\\/#primaryimage\"},\"thumbnailUrl\":\"https:\\\/\\\/thehypegeek.com\\\/wp-content\\\/uploads\\\/2019\\\/10\\\/the-witcher-poster.jpg\",\"keywords\":[\"Andrej Sapkowsky\",\"Anya Chalotra\",\"cintra\",\"Freya Allan\",\"Henry Cavill\",\"Lucca Comics &amp; Games\",\"Netflix\",\"Renfri\",\"The witcher\"],\"articleSection\":[\"cine y tv\",\"Noticias\"],\"inLanguage\":\"es-CR\",\"potentialAction\":[{\"@type\":\"CommentAction\",\"name\":\"Comment\",\"target\":[\"https:\\\/\\\/thehypegeek.com\\\/index.php\\\/the-witcher-nuevo-adelanto-y-fecha-de-estreno-confirmada\\\/#respond\"]}]},{\"@type\":\"WebPage\",\"@id\":\"https:\\\/\\\/thehypegeek.com\\\/index.php\\\/the-witcher-nuevo-adelanto-y-fecha-de-estreno-confirmada\\\/\",\"url\":\"https:\\\/\\\/thehypegeek.com\\\/index.php\\\/the-witcher-nuevo-adelanto-y-fecha-de-estreno-confirmada\\\/\",\"name\":\"The Witcher: Nuevo adelanto y fecha de estreno confirmada -\",\"isPartOf\":{\"@id\":\"https:\\\/\\\/thehypegeek.com\\\/#website\"},\"primaryImageOfPage\":{\"@id\":\"https:\\\/\\\/thehypegeek.com\\\/index.php\\\/the-witcher-nuevo-adelanto-y-fecha-de-estreno-confirmada\\\/#primaryimage\"},\"image\":{\"@id\":\"https:\\\/\\\/thehypegeek.com\\\/index.php\\\/the-witcher-nuevo-adelanto-y-fecha-de-estreno-confirmada\\\/#primaryimage\"},\"thumbnailUrl\":\"https:\\\/\\\/thehypegeek.com\\\/wp-content\\\/uploads\\\/2019\\\/10\\\/the-witcher-poster.jpg\",\"datePublished\":\"2019-11-01T04:58:10+00:00\",\"dateModified\":\"2019-11-01T04:58:11+00:00\",\"breadcrumb\":{\"@id\":\"https:\\\/\\\/thehypegeek.com\\\/index.php\\\/the-witcher-nuevo-adelanto-y-fecha-de-estreno-confirmada\\\/#breadcrumb\"},\"inLanguage\":\"es-CR\",\"potentialAction\":[{\"@type\":\"ReadAction\",\"target\":[\"https:\\\/\\\/thehypegeek.com\\\/index.php\\\/the-witcher-nuevo-adelanto-y-fecha-de-estreno-confirmada\\\/\"]}]},{\"@type\":\"ImageObject\",\"inLanguage\":\"es-CR\",\"@id\":\"https:\\\/\\\/thehypegeek.com\\\/index.php\\\/the-witcher-nuevo-adelanto-y-fecha-de-estreno-confirmada\\\/#primaryimage\",\"url\":\"https:\\\/\\\/thehypegeek.com\\\/wp-content\\\/uploads\\\/2019\\\/10\\\/the-witcher-poster.jpg\",\"contentUrl\":\"https:\\\/\\\/thehypegeek.com\\\/wp-content\\\/uploads\\\/2019\\\/10\\\/the-witcher-poster.jpg\",\"width\":1280,\"height\":720},{\"@type\":\"BreadcrumbList\",\"@id\":\"https:\\\/\\\/thehypegeek.com\\\/index.php\\\/the-witcher-nuevo-adelanto-y-fecha-de-estreno-confirmada\\\/#breadcrumb\",\"itemListElement\":[{\"@type\":\"ListItem\",\"position\":1,\"name\":\"Home\",\"item\":\"https:\\\/\\\/thehypegeek.com\\\/\"},{\"@type\":\"ListItem\",\"position\":2,\"name\":\"The Witcher: Nuevo adelanto y fecha de estreno confirmada\"}]},{\"@type\":\"WebSite\",\"@id\":\"https:\\\/\\\/thehypegeek.com\\\/#website\",\"url\":\"https:\\\/\\\/thehypegeek.com\\\/\",\"name\":\"The Hype Geek\",\"description\":\"The Hype Geek\",\"publisher\":{\"@id\":\"https:\\\/\\\/thehypegeek.com\\\/#organization\"},\"potentialAction\":[{\"@type\":\"SearchAction\",\"target\":{\"@type\":\"EntryPoint\",\"urlTemplate\":\"https:\\\/\\\/thehypegeek.com\\\/?s={search_term_string}\"},\"query-input\":{\"@type\":\"PropertyValueSpecification\",\"valueRequired\":true,\"valueName\":\"search_term_string\"}}],\"inLanguage\":\"es-CR\"},{\"@type\":\"Organization\",\"@id\":\"https:\\\/\\\/thehypegeek.com\\\/#organization\",\"name\":\"The Hype Geek\",\"url\":\"https:\\\/\\\/thehypegeek.com\\\/\",\"logo\":{\"@type\":\"ImageObject\",\"inLanguage\":\"es-CR\",\"@id\":\"https:\\\/\\\/thehypegeek.com\\\/#\\\/schema\\\/logo\\\/image\\\/\",\"url\":\"https:\\\/\\\/thehypegeek.com\\\/wp-content\\\/uploads\\\/2023\\\/03\\\/unnamed-1.png\",\"contentUrl\":\"https:\\\/\\\/thehypegeek.com\\\/wp-content\\\/uploads\\\/2023\\\/03\\\/unnamed-1.png\",\"width\":210,\"height\":100,\"caption\":\"The Hype Geek\"},\"image\":{\"@id\":\"https:\\\/\\\/thehypegeek.com\\\/#\\\/schema\\\/logo\\\/image\\\/\"},\"sameAs\":[\"https:\\\/\\\/www.facebook.com\\\/THG506\"]},{\"@type\":\"Person\",\"@id\":\"https:\\\/\\\/thehypegeek.com\\\/#\\\/schema\\\/person\\\/cba8a8e4df3fd0fa4f7c9c021126e2d7\",\"name\":\"Jose Villarreal\",\"image\":{\"@type\":\"ImageObject\",\"inLanguage\":\"es-CR\",\"@id\":\"https:\\\/\\\/secure.gravatar.com\\\/avatar\\\/4179af262013644e6df8aaefa813f5a7678766919634dde586531a1bba7edfdd?s=96&d=mm&r=g\",\"url\":\"https:\\\/\\\/secure.gravatar.com\\\/avatar\\\/4179af262013644e6df8aaefa813f5a7678766919634dde586531a1bba7edfdd?s=96&d=mm&r=g\",\"contentUrl\":\"https:\\\/\\\/secure.gravatar.com\\\/avatar\\\/4179af262013644e6df8aaefa813f5a7678766919634dde586531a1bba7edfdd?s=96&d=mm&r=g\",\"caption\":\"Jose Villarreal\"},\"description\":\"Docente,entusiasta del PC gaming, los e-sports, la escritura, el cine, la m\u00fasica, el baile, la cultura popular\\\/geek y el periodismo. \u00bfVan en ese orden? \u00bfTienen alg\u00fan orden? Todas esas palabras me definen de alg\u00fan modo.\",\"url\":\"https:\\\/\\\/thehypegeek.com\\\/index.php\\\/author\\\/admin\\\/\"}]}<\/script>\n<!-- \/ Yoast SEO plugin. -->","yoast_head_json":{"title":"The Witcher: Nuevo adelanto y fecha de estreno confirmada -","robots":{"index":"index","follow":"follow","max-snippet":"max-snippet:-1","max-image-preview":"max-image-preview:large","max-video-preview":"max-video-preview:-1"},"canonical":"https:\/\/thehypegeek.com\/index.php\/the-witcher-nuevo-adelanto-y-fecha-de-estreno-confirmada\/","twitter_misc":{"Written by":"Jose Villarreal","Est. reading time":"2 minutos"},"schema":{"@context":"https:\/\/schema.org","@graph":[{"@type":"Article","@id":"https:\/\/thehypegeek.com\/index.php\/the-witcher-nuevo-adelanto-y-fecha-de-estreno-confirmada\/#article","isPartOf":{"@id":"https:\/\/thehypegeek.com\/index.php\/the-witcher-nuevo-adelanto-y-fecha-de-estreno-confirmada\/"},"author":{"name":"Jose Villarreal","@id":"https:\/\/thehypegeek.com\/#\/schema\/person\/cba8a8e4df3fd0fa4f7c9c021126e2d7"},"headline":"The Witcher: Nuevo adelanto y fecha de estreno confirmada","datePublished":"2019-11-01T04:58:10+00:00","dateModified":"2019-11-01T04:58:11+00:00","mainEntityOfPage":{"@id":"https:\/\/thehypegeek.com\/index.php\/the-witcher-nuevo-adelanto-y-fecha-de-estreno-confirmada\/"},"wordCount":358,"commentCount":0,"publisher":{"@id":"https:\/\/thehypegeek.com\/#organization"},"image":{"@id":"https:\/\/thehypegeek.com\/index.php\/the-witcher-nuevo-adelanto-y-fecha-de-estreno-confirmada\/#primaryimage"},"thumbnailUrl":"https:\/\/thehypegeek.com\/wp-content\/uploads\/2019\/10\/the-witcher-poster.jpg","keywords":["Andrej Sapkowsky","Anya Chalotra","cintra","Freya Allan","Henry Cavill","Lucca Comics &amp; Games","Netflix","Renfri","The witcher"],"articleSection":["cine y tv","Noticias"],"inLanguage":"es-CR","potentialAction":[{"@type":"CommentAction","name":"Comment","target":["https:\/\/thehypegeek.com\/index.php\/the-witcher-nuevo-adelanto-y-fecha-de-estreno-confirmada\/#respond"]}]},{"@type":"WebPage","@id":"https:\/\/thehypegeek.com\/index.php\/the-witcher-nuevo-adelanto-y-fecha-de-estreno-confirmada\/","url":"https:\/\/thehypegeek.com\/index.php\/the-witcher-nuevo-adelanto-y-fecha-de-estreno-confirmada\/","name":"The Witcher: Nuevo adelanto y fecha de estreno confirmada -","isPartOf":{"@id":"https:\/\/thehypegeek.com\/#website"},"primaryImageOfPage":{"@id":"https:\/\/thehypegeek.com\/index.php\/the-witcher-nuevo-adelanto-y-fecha-de-estreno-confirmada\/#primaryimage"},"image":{"@id":"https:\/\/thehypegeek.com\/index.php\/the-witcher-nuevo-adelanto-y-fecha-de-estreno-confirmada\/#primaryimage"},"thumbnailUrl":"https:\/\/thehypegeek.com\/wp-content\/uploads\/2019\/10\/the-witcher-poster.jpg","datePublished":"2019-11-01T04:58:10+00:00","dateModified":"2019-11-01T04:58:11+00:00","breadcrumb":{"@id":"https:\/\/thehypegeek.com\/index.php\/the-witcher-nuevo-adelanto-y-fecha-de-estreno-confirmada\/#breadcrumb"},"inLanguage":"es-CR","potentialAction":[{"@type":"ReadAction","target":["https:\/\/thehypegeek.com\/index.php\/the-witcher-nuevo-adelanto-y-fecha-de-estreno-confirmada\/"]}]},{"@type":"ImageObject","inLanguage":"es-CR","@id":"https:\/\/thehypegeek.com\/index.php\/the-witcher-nuevo-adelanto-y-fecha-de-estreno-confirmada\/#primaryimage","url":"https:\/\/thehypegeek.com\/wp-content\/uploads\/2019\/10\/the-witcher-poster.jpg","contentUrl":"https:\/\/thehypegeek.com\/wp-content\/uploads\/2019\/10\/the-witcher-poster.jpg","width":1280,"height":720},{"@type":"BreadcrumbList","@id":"https:\/\/thehypegeek.com\/index.php\/the-witcher-nuevo-adelanto-y-fecha-de-estreno-confirmada\/#breadcrumb","itemListElement":[{"@type":"ListItem","position":1,"name":"Home","item":"https:\/\/thehypegeek.com\/"},{"@type":"ListItem","position":2,"name":"The Witcher: Nuevo adelanto y fecha de estreno confirmada"}]},{"@type":"WebSite","@id":"https:\/\/thehypegeek.com\/#website","url":"https:\/\/thehypegeek.com\/","name":"The Hype Geek","description":"The Hype Geek","publisher":{"@id":"https:\/\/thehypegeek.com\/#organization"},"potentialAction":[{"@type":"SearchAction","target":{"@type":"EntryPoint","urlTemplate":"https:\/\/thehypegeek.com\/?s={search_term_string}"},"query-input":{"@type":"PropertyValueSpecification","valueRequired":true,"valueName":"search_term_string"}}],"inLanguage":"es-CR"},{"@type":"Organization","@id":"https:\/\/thehypegeek.com\/#organization","name":"The Hype Geek","url":"https:\/\/thehypegeek.com\/","logo":{"@type":"ImageObject","inLanguage":"es-CR","@id":"https:\/\/thehypegeek.com\/#\/schema\/logo\/image\/","url":"https:\/\/thehypegeek.com\/wp-content\/uploads\/2023\/03\/unnamed-1.png","contentUrl":"https:\/\/thehypegeek.com\/wp-content\/uploads\/2023\/03\/unnamed-1.png","width":210,"height":100,"caption":"The Hype Geek"},"image":{"@id":"https:\/\/thehypegeek.com\/#\/schema\/logo\/image\/"},"sameAs":["https:\/\/www.facebook.com\/THG506"]},{"@type":"Person","@id":"https:\/\/thehypegeek.com\/#\/schema\/person\/cba8a8e4df3fd0fa4f7c9c021126e2d7","name":"Jose Villarreal","image":{"@type":"ImageObject","inLanguage":"es-CR","@id":"https:\/\/secure.gravatar.com\/avatar\/4179af262013644e6df8aaefa813f5a7678766919634dde586531a1bba7edfdd?s=96&d=mm&r=g","url":"https:\/\/secure.gravatar.com\/avatar\/4179af262013644e6df8aaefa813f5a7678766919634dde586531a1bba7edfdd?s=96&d=mm&r=g","contentUrl":"https:\/\/secure.gravatar.com\/avatar\/4179af262013644e6df8aaefa813f5a7678766919634dde586531a1bba7edfdd?s=96&d=mm&r=g","caption":"Jose Villarreal"},"description":"Docente,entusiasta del PC gaming, los e-sports, la escritura, el cine, la m\u00fasica, el baile, la cultura popular\/geek y el periodismo. \u00bfVan en ese orden? \u00bfTienen alg\u00fan orden? Todas esas palabras me definen de alg\u00fan modo.","url":"https:\/\/thehypegeek.com\/index.php\/author\/admin\/"}]}},"_links":{"self":[{"href":"https:\/\/thehypegeek.com\/index.php\/wp-json\/wp\/v2\/posts\/462","targetHints":{"allow":["GET"]}}],"collection":[{"href":"https:\/\/thehypegeek.com\/index.php\/wp-json\/wp\/v2\/posts"}],"about":[{"href":"https:\/\/thehypegeek.com\/index.php\/wp-json\/wp\/v2\/types\/post"}],"author":[{"embeddable":true,"href":"https:\/\/thehypegeek.com\/index.php\/wp-json\/wp\/v2\/users\/1"}],"replies":[{"embeddable":true,"href":"https:\/\/thehypegeek.com\/index.php\/wp-json\/wp\/v2\/comments?post=462"}],"version-history":[{"count":3,"href":"https:\/\/thehypegeek.com\/index.php\/wp-json\/wp\/v2\/posts\/462\/revisions"}],"predecessor-version":[{"id":469,"href":"https:\/\/thehypegeek.com\/index.php\/wp-json\/wp\/v2\/posts\/462\/revisions\/469"}],"wp:featuredmedia":[{"embeddable":true,"href":"https:\/\/thehypegeek.com\/index.php\/wp-json\/wp\/v2\/media\/466"}],"wp:attachment":[{"href":"https:\/\/thehypegeek.com\/index.php\/wp-json\/wp\/v2\/media?parent=462"}],"wp:term":[{"taxonomy":"category","embeddable":true,"href":"https:\/\/thehypegeek.com\/index.php\/wp-json\/wp\/v2\/categories?post=462"},{"taxonomy":"post_tag","embeddable":true,"href":"https:\/\/thehypegeek.com\/index.php\/wp-json\/wp\/v2\/tags?post=462"}],"curies":[{"name":"wp","href":"https:\/\/api.w.org\/{rel}","templated":true}]}}