{"id":358,"date":"2019-10-26T08:33:03","date_gmt":"2019-10-26T14:33:03","guid":{"rendered":"https:\/\/thehypegeek.com\/?p=358"},"modified":"2019-10-26T15:08:50","modified_gmt":"2019-10-26T21:08:50","slug":"el-trailer-de-ghost-in-the-shell-de-netflix-sac_2045-revela-un-nuevo-aspecto-para-motoko-kusanagi","status":"publish","type":"post","link":"https:\/\/thehypegeek.com\/index.php\/el-trailer-de-ghost-in-the-shell-de-netflix-sac_2045-revela-un-nuevo-aspecto-para-motoko-kusanagi\/","title":{"rendered":"El trailer de Ghost in the Shell de Netflix: SAC_2045 revela un nuevo aspecto para Motoko Kusanagi"},"content":{"rendered":"\n<h2 class=\"wp-block-heading\">GHOST IN THE SHELL: SAC_2045; PRIMER TRAILER Y P\u00d3STER.<\/h2>\n\n\n\n<p>El primer avance de la nueva serie animada Ghost in the Shell de Netflix, revela un nuevo aspecto para la Mayor Motoko Kusanagi y el mundo transhumanista cyberpunk en el que vive. <\/p>\n\n\n\n<p>El breve avance muestra\na Kusanagi conduciendo fuera de la ciudad en ruinas en un veh\u00edculo todo\nterreno. El auto parece tener una torreta montada en la parte superior, pero lo\nm\u00e1s importante es que tiene un peque\u00f1o Tachikoma montado en la parte trasera.\nLos &#8220;think tanks&#8221; eran robots impulsados \u200b\u200bpor IA con recuerdos\nsincronizados en red en las dos primeras temporadas del Complejo Stand-Alone, aunque\nparece que este peque\u00f1o amigo spiderbot es mucho m\u00e1s diminuto que sus\nantepasados. <\/p>\n\n\n\n<div class=\"wp-block-image\"><figure class=\"aligncenter\"><img loading=\"lazy\" decoding=\"async\" width=\"724\" height=\"1024\" src=\"https:\/\/thehypegeek.com\/wp-content\/uploads\/2019\/10\/gis-724x1024.jpg\" alt=\"Ghost in the Shell, Mayor Motoko Kusanagi\" class=\"wp-image-359\" srcset=\"https:\/\/thehypegeek.com\/wp-content\/uploads\/2019\/10\/gis.jpg 724w, https:\/\/thehypegeek.com\/wp-content\/uploads\/2019\/10\/gis-212x300.jpg 212w\" sizes=\"auto, (max-width: 724px) 100vw, 724px\" \/><figcaption> Motoko Kusanagi <\/figcaption><\/figure><\/div>\n\n\n\n<p>La breve sinopsis que Netflix ofreci\u00f3 junto con el tr\u00e1iler fue:<\/p>\n\n\n\n<p> &#8220;En el a\u00f1o 2045, despu\u00e9s de que el capitalismo global ha incumplido, la Secci\u00f3n 9 de \u00e9lite de Jap\u00f3n comienza a realizar operaciones cibern\u00e9ticas encubiertas&#8221;. La primera temporada de Stand-Alone Complex tuvo lugar en 2030 y la segunda sigui\u00f3 un par de a\u00f1os m\u00e1s tarde, por lo que habr\u00e1 un gran salto de tiempo para cuando comience SAC_2045. Parece que la Mayor no ha envejecido un d\u00eda en ese tiempo, o puede ser incluso m\u00e1s joven que antes. <\/p>\n\n\n\n<figure class=\"wp-block-embed-twitter aligncenter wp-block-embed is-type-rich is-provider-twitter\"><div class=\"wp-block-embed__wrapper\">\n<blockquote class=\"twitter-tweet\" data-width=\"550\" data-dnt=\"true\"><p lang=\"en\" dir=\"ltr\">YES, A NEW GHOST IN THE SHELL ANIME IS COMING.<br>Ghost in the Shell: SAC_2045 will be directed by Appleseed\u2019s Shinji Aramaki and Ghost in the Shell: Stand Alone Complex\u2019s Kenji Kamiyama. On <a href=\"https:\/\/twitter.com\/netflix?ref_src=twsrc%5Etfw\">@Netflix<\/a> in 2020!<br>*desire to explore the true meaning of human consciousness intensifies* <a href=\"https:\/\/t.co\/MgKzX2KydQ\">pic.twitter.com\/MgKzX2KydQ<\/a><\/p>&mdash; Netflix Geeked (@NetflixGeeked) <a href=\"https:\/\/twitter.com\/NetflixGeeked\/status\/1071192665008484352?ref_src=twsrc%5Etfw\">December 8, 2018<\/a><\/blockquote><script async src=\"https:\/\/platform.twitter.com\/widgets.js\" charset=\"utf-8\"><\/script>\n<\/div><figcaption>Anuncio de parte de Netflix<\/figcaption><\/figure>\n\n\n\n<p>D\u00e9janos saber tu opini\u00f3n y recuerda seguirnos en\nnuestras redes sociales:<\/p>\n\n\n\n<p>Facebook:&nbsp;<a href=\"https:\/\/www.facebook.com\/THCR506\/?__tn__=K-R&amp;eid=ARC9UUHkGyRlZ2pNTRpJzRbVzX4m3kePL5dd0GbYjuqBDK3O_H3Ix8lICG8HKkn-srMa_mYPV3t0UTp6&amp;fref=mentions&amp;__xts__%5B0%5D=68.ARAkSdeIJS_Gg8fJM-C7EdtdafKomRxakgYO_f9pp3YKXP3sjLTBH4dJh6SG6-EfFbFftrmOaqbi04JZUyOrSmrArS2L2E-0k4ONZ8cCcIcxlPpgqrnqwbZrd38fghdAguEq0q7E3hgFf-hKCJ2tvKwS2vLEbuOptXJs0ABanTvHS_DdioikdaCrk5rgvEze4JU58dwKdMEBF5ERKOmOo63ZX2GzHorbbNoKL8YD5UZAxbd6wwWvVLbFKCsN6hKBZRkIJp7CntQDfx3KXo5NZrSnCJzVBH-jP0BO4PFnQIkux4yElY4qNhaI5_jhnRQEXUa2OOhHaHSNwv-RnN03droUQNyH\">The Hype Geek LATAM<\/a><br> Instagram: @crthehype<br> Youtube: The Hype Geek LATAM<\/p>\n\n\n\n<p>Tambi\u00e9n te puede interesar:<\/p>\n\n\n\n<figure class=\"wp-block-embed-wordpress wp-block-embed is-type-wp-embed is-provider-the-hype-geek-latam\"><div class=\"wp-block-embed__wrapper\">\n<blockquote class=\"wp-embedded-content\" data-secret=\"HapohI3rst\"><a href=\"https:\/\/thehypegeek.com\/index.php\/peter-parker-se-convierte-en-spider-hulk-en-2020\/\">Peter Parker se convierte en Spider-Hulk en 2020<\/a><\/blockquote><iframe loading=\"lazy\" class=\"wp-embedded-content\" sandbox=\"allow-scripts\" security=\"restricted\" style=\"position: absolute; visibility: hidden;\" title=\"&#8220;Peter Parker se convierte en Spider-Hulk en 2020&#8221; &#8212; \" src=\"https:\/\/thehypegeek.com\/index.php\/peter-parker-se-convierte-en-spider-hulk-en-2020\/embed\/#?secret=WhZwYH9MIP#?secret=HapohI3rst\" data-secret=\"HapohI3rst\" width=\"600\" height=\"338\" frameborder=\"0\" marginwidth=\"0\" marginheight=\"0\" scrolling=\"no\"><\/iframe>\n<\/div><\/figure>\n","protected":false},"excerpt":{"rendered":"<p>GHOST IN THE SHELL: SAC_2045; PRIMER TRAILER Y P\u00d3STER. El primer avance de la nueva serie animada Ghost in the&hellip;<\/p>\n","protected":false},"author":1,"featured_media":363,"comment_status":"open","ping_status":"open","sticky":false,"template":"","format":"video","meta":{"footnotes":""},"categories":[7,30],"tags":[70,64,71],"class_list":["post-358","post","type-post","status-publish","format-video","has-post-thumbnail","hentry","category-anime-y-manga","category-noticias","tag-animacion","tag-netflix","tag-streaming","post_format-post-format-video"],"yoast_head":"<!-- This site is optimized with the Yoast SEO plugin v27.3 - https:\/\/yoast.com\/product\/yoast-seo-wordpress\/ -->\n<title>El trailer de Ghost in the Shell de Netflix: SAC_2045 revela un nuevo aspecto para Motoko Kusanagi -<\/title>\n<meta name=\"robots\" content=\"index, follow, max-snippet:-1, max-image-preview:large, max-video-preview:-1\" \/>\n<link rel=\"canonical\" href=\"https:\/\/thehypegeek.com\/index.php\/el-trailer-de-ghost-in-the-shell-de-netflix-sac_2045-revela-un-nuevo-aspecto-para-motoko-kusanagi\/\" \/>\n<meta name=\"twitter:label1\" content=\"Written by\" \/>\n\t<meta name=\"twitter:data1\" content=\"Jose Villarreal\" \/>\n\t<meta name=\"twitter:label2\" content=\"Est. reading time\" \/>\n\t<meta name=\"twitter:data2\" content=\"1 minuto\" \/>\n<script type=\"application\/ld+json\" class=\"yoast-schema-graph\">{\"@context\":\"https:\\\/\\\/schema.org\",\"@graph\":[{\"@type\":\"Article\",\"@id\":\"https:\\\/\\\/thehypegeek.com\\\/index.php\\\/el-trailer-de-ghost-in-the-shell-de-netflix-sac_2045-revela-un-nuevo-aspecto-para-motoko-kusanagi\\\/#article\",\"isPartOf\":{\"@id\":\"https:\\\/\\\/thehypegeek.com\\\/index.php\\\/el-trailer-de-ghost-in-the-shell-de-netflix-sac_2045-revela-un-nuevo-aspecto-para-motoko-kusanagi\\\/\"},\"author\":{\"name\":\"Jose Villarreal\",\"@id\":\"https:\\\/\\\/thehypegeek.com\\\/#\\\/schema\\\/person\\\/cba8a8e4df3fd0fa4f7c9c021126e2d7\"},\"headline\":\"El trailer de Ghost in the Shell de Netflix: SAC_2045 revela un nuevo aspecto para Motoko Kusanagi\",\"datePublished\":\"2019-10-26T14:33:03+00:00\",\"dateModified\":\"2019-10-26T21:08:50+00:00\",\"mainEntityOfPage\":{\"@id\":\"https:\\\/\\\/thehypegeek.com\\\/index.php\\\/el-trailer-de-ghost-in-the-shell-de-netflix-sac_2045-revela-un-nuevo-aspecto-para-motoko-kusanagi\\\/\"},\"wordCount\":308,\"commentCount\":0,\"publisher\":{\"@id\":\"https:\\\/\\\/thehypegeek.com\\\/#organization\"},\"image\":{\"@id\":\"https:\\\/\\\/thehypegeek.com\\\/index.php\\\/el-trailer-de-ghost-in-the-shell-de-netflix-sac_2045-revela-un-nuevo-aspecto-para-motoko-kusanagi\\\/#primaryimage\"},\"thumbnailUrl\":\"https:\\\/\\\/thehypegeek.com\\\/wp-content\\\/uploads\\\/2019\\\/10\\\/ghost.jpg\",\"keywords\":[\"Animaci\u00f3n\",\"Netflix\",\"Streaming\"],\"articleSection\":[\"anime y manga\",\"Noticias\"],\"inLanguage\":\"es-CR\",\"potentialAction\":[{\"@type\":\"CommentAction\",\"name\":\"Comment\",\"target\":[\"https:\\\/\\\/thehypegeek.com\\\/index.php\\\/el-trailer-de-ghost-in-the-shell-de-netflix-sac_2045-revela-un-nuevo-aspecto-para-motoko-kusanagi\\\/#respond\"]}]},{\"@type\":\"WebPage\",\"@id\":\"https:\\\/\\\/thehypegeek.com\\\/index.php\\\/el-trailer-de-ghost-in-the-shell-de-netflix-sac_2045-revela-un-nuevo-aspecto-para-motoko-kusanagi\\\/\",\"url\":\"https:\\\/\\\/thehypegeek.com\\\/index.php\\\/el-trailer-de-ghost-in-the-shell-de-netflix-sac_2045-revela-un-nuevo-aspecto-para-motoko-kusanagi\\\/\",\"name\":\"El trailer de Ghost in the Shell de Netflix: SAC_2045 revela un nuevo aspecto para Motoko Kusanagi -\",\"isPartOf\":{\"@id\":\"https:\\\/\\\/thehypegeek.com\\\/#website\"},\"primaryImageOfPage\":{\"@id\":\"https:\\\/\\\/thehypegeek.com\\\/index.php\\\/el-trailer-de-ghost-in-the-shell-de-netflix-sac_2045-revela-un-nuevo-aspecto-para-motoko-kusanagi\\\/#primaryimage\"},\"image\":{\"@id\":\"https:\\\/\\\/thehypegeek.com\\\/index.php\\\/el-trailer-de-ghost-in-the-shell-de-netflix-sac_2045-revela-un-nuevo-aspecto-para-motoko-kusanagi\\\/#primaryimage\"},\"thumbnailUrl\":\"https:\\\/\\\/thehypegeek.com\\\/wp-content\\\/uploads\\\/2019\\\/10\\\/ghost.jpg\",\"datePublished\":\"2019-10-26T14:33:03+00:00\",\"dateModified\":\"2019-10-26T21:08:50+00:00\",\"breadcrumb\":{\"@id\":\"https:\\\/\\\/thehypegeek.com\\\/index.php\\\/el-trailer-de-ghost-in-the-shell-de-netflix-sac_2045-revela-un-nuevo-aspecto-para-motoko-kusanagi\\\/#breadcrumb\"},\"inLanguage\":\"es-CR\",\"potentialAction\":[{\"@type\":\"ReadAction\",\"target\":[\"https:\\\/\\\/thehypegeek.com\\\/index.php\\\/el-trailer-de-ghost-in-the-shell-de-netflix-sac_2045-revela-un-nuevo-aspecto-para-motoko-kusanagi\\\/\"]}]},{\"@type\":\"ImageObject\",\"inLanguage\":\"es-CR\",\"@id\":\"https:\\\/\\\/thehypegeek.com\\\/index.php\\\/el-trailer-de-ghost-in-the-shell-de-netflix-sac_2045-revela-un-nuevo-aspecto-para-motoko-kusanagi\\\/#primaryimage\",\"url\":\"https:\\\/\\\/thehypegeek.com\\\/wp-content\\\/uploads\\\/2019\\\/10\\\/ghost.jpg\",\"contentUrl\":\"https:\\\/\\\/thehypegeek.com\\\/wp-content\\\/uploads\\\/2019\\\/10\\\/ghost.jpg\",\"width\":1176,\"height\":476,\"caption\":\"Ghost in the Shell - portada\"},{\"@type\":\"BreadcrumbList\",\"@id\":\"https:\\\/\\\/thehypegeek.com\\\/index.php\\\/el-trailer-de-ghost-in-the-shell-de-netflix-sac_2045-revela-un-nuevo-aspecto-para-motoko-kusanagi\\\/#breadcrumb\",\"itemListElement\":[{\"@type\":\"ListItem\",\"position\":1,\"name\":\"Home\",\"item\":\"https:\\\/\\\/thehypegeek.com\\\/\"},{\"@type\":\"ListItem\",\"position\":2,\"name\":\"El trailer de Ghost in the Shell de Netflix: SAC_2045 revela un nuevo aspecto para Motoko Kusanagi\"}]},{\"@type\":\"WebSite\",\"@id\":\"https:\\\/\\\/thehypegeek.com\\\/#website\",\"url\":\"https:\\\/\\\/thehypegeek.com\\\/\",\"name\":\"The Hype Geek\",\"description\":\"The Hype Geek\",\"publisher\":{\"@id\":\"https:\\\/\\\/thehypegeek.com\\\/#organization\"},\"potentialAction\":[{\"@type\":\"SearchAction\",\"target\":{\"@type\":\"EntryPoint\",\"urlTemplate\":\"https:\\\/\\\/thehypegeek.com\\\/?s={search_term_string}\"},\"query-input\":{\"@type\":\"PropertyValueSpecification\",\"valueRequired\":true,\"valueName\":\"search_term_string\"}}],\"inLanguage\":\"es-CR\"},{\"@type\":\"Organization\",\"@id\":\"https:\\\/\\\/thehypegeek.com\\\/#organization\",\"name\":\"The Hype Geek\",\"url\":\"https:\\\/\\\/thehypegeek.com\\\/\",\"logo\":{\"@type\":\"ImageObject\",\"inLanguage\":\"es-CR\",\"@id\":\"https:\\\/\\\/thehypegeek.com\\\/#\\\/schema\\\/logo\\\/image\\\/\",\"url\":\"https:\\\/\\\/thehypegeek.com\\\/wp-content\\\/uploads\\\/2023\\\/03\\\/unnamed-1.png\",\"contentUrl\":\"https:\\\/\\\/thehypegeek.com\\\/wp-content\\\/uploads\\\/2023\\\/03\\\/unnamed-1.png\",\"width\":210,\"height\":100,\"caption\":\"The Hype Geek\"},\"image\":{\"@id\":\"https:\\\/\\\/thehypegeek.com\\\/#\\\/schema\\\/logo\\\/image\\\/\"},\"sameAs\":[\"https:\\\/\\\/www.facebook.com\\\/THG506\"]},{\"@type\":\"Person\",\"@id\":\"https:\\\/\\\/thehypegeek.com\\\/#\\\/schema\\\/person\\\/cba8a8e4df3fd0fa4f7c9c021126e2d7\",\"name\":\"Jose Villarreal\",\"image\":{\"@type\":\"ImageObject\",\"inLanguage\":\"es-CR\",\"@id\":\"https:\\\/\\\/secure.gravatar.com\\\/avatar\\\/4179af262013644e6df8aaefa813f5a7678766919634dde586531a1bba7edfdd?s=96&d=mm&r=g\",\"url\":\"https:\\\/\\\/secure.gravatar.com\\\/avatar\\\/4179af262013644e6df8aaefa813f5a7678766919634dde586531a1bba7edfdd?s=96&d=mm&r=g\",\"contentUrl\":\"https:\\\/\\\/secure.gravatar.com\\\/avatar\\\/4179af262013644e6df8aaefa813f5a7678766919634dde586531a1bba7edfdd?s=96&d=mm&r=g\",\"caption\":\"Jose Villarreal\"},\"description\":\"Docente,entusiasta del PC gaming, los e-sports, la escritura, el cine, la m\u00fasica, el baile, la cultura popular\\\/geek y el periodismo. \u00bfVan en ese orden? \u00bfTienen alg\u00fan orden? Todas esas palabras me definen de alg\u00fan modo.\",\"url\":\"https:\\\/\\\/thehypegeek.com\\\/index.php\\\/author\\\/admin\\\/\"}]}<\/script>\n<!-- \/ Yoast SEO plugin. -->","yoast_head_json":{"title":"El trailer de Ghost in the Shell de Netflix: SAC_2045 revela un nuevo aspecto para Motoko Kusanagi -","robots":{"index":"index","follow":"follow","max-snippet":"max-snippet:-1","max-image-preview":"max-image-preview:large","max-video-preview":"max-video-preview:-1"},"canonical":"https:\/\/thehypegeek.com\/index.php\/el-trailer-de-ghost-in-the-shell-de-netflix-sac_2045-revela-un-nuevo-aspecto-para-motoko-kusanagi\/","twitter_misc":{"Written by":"Jose Villarreal","Est. reading time":"1 minuto"},"schema":{"@context":"https:\/\/schema.org","@graph":[{"@type":"Article","@id":"https:\/\/thehypegeek.com\/index.php\/el-trailer-de-ghost-in-the-shell-de-netflix-sac_2045-revela-un-nuevo-aspecto-para-motoko-kusanagi\/#article","isPartOf":{"@id":"https:\/\/thehypegeek.com\/index.php\/el-trailer-de-ghost-in-the-shell-de-netflix-sac_2045-revela-un-nuevo-aspecto-para-motoko-kusanagi\/"},"author":{"name":"Jose Villarreal","@id":"https:\/\/thehypegeek.com\/#\/schema\/person\/cba8a8e4df3fd0fa4f7c9c021126e2d7"},"headline":"El trailer de Ghost in the Shell de Netflix: SAC_2045 revela un nuevo aspecto para Motoko Kusanagi","datePublished":"2019-10-26T14:33:03+00:00","dateModified":"2019-10-26T21:08:50+00:00","mainEntityOfPage":{"@id":"https:\/\/thehypegeek.com\/index.php\/el-trailer-de-ghost-in-the-shell-de-netflix-sac_2045-revela-un-nuevo-aspecto-para-motoko-kusanagi\/"},"wordCount":308,"commentCount":0,"publisher":{"@id":"https:\/\/thehypegeek.com\/#organization"},"image":{"@id":"https:\/\/thehypegeek.com\/index.php\/el-trailer-de-ghost-in-the-shell-de-netflix-sac_2045-revela-un-nuevo-aspecto-para-motoko-kusanagi\/#primaryimage"},"thumbnailUrl":"https:\/\/thehypegeek.com\/wp-content\/uploads\/2019\/10\/ghost.jpg","keywords":["Animaci\u00f3n","Netflix","Streaming"],"articleSection":["anime y manga","Noticias"],"inLanguage":"es-CR","potentialAction":[{"@type":"CommentAction","name":"Comment","target":["https:\/\/thehypegeek.com\/index.php\/el-trailer-de-ghost-in-the-shell-de-netflix-sac_2045-revela-un-nuevo-aspecto-para-motoko-kusanagi\/#respond"]}]},{"@type":"WebPage","@id":"https:\/\/thehypegeek.com\/index.php\/el-trailer-de-ghost-in-the-shell-de-netflix-sac_2045-revela-un-nuevo-aspecto-para-motoko-kusanagi\/","url":"https:\/\/thehypegeek.com\/index.php\/el-trailer-de-ghost-in-the-shell-de-netflix-sac_2045-revela-un-nuevo-aspecto-para-motoko-kusanagi\/","name":"El trailer de Ghost in the Shell de Netflix: SAC_2045 revela un nuevo aspecto para Motoko Kusanagi -","isPartOf":{"@id":"https:\/\/thehypegeek.com\/#website"},"primaryImageOfPage":{"@id":"https:\/\/thehypegeek.com\/index.php\/el-trailer-de-ghost-in-the-shell-de-netflix-sac_2045-revela-un-nuevo-aspecto-para-motoko-kusanagi\/#primaryimage"},"image":{"@id":"https:\/\/thehypegeek.com\/index.php\/el-trailer-de-ghost-in-the-shell-de-netflix-sac_2045-revela-un-nuevo-aspecto-para-motoko-kusanagi\/#primaryimage"},"thumbnailUrl":"https:\/\/thehypegeek.com\/wp-content\/uploads\/2019\/10\/ghost.jpg","datePublished":"2019-10-26T14:33:03+00:00","dateModified":"2019-10-26T21:08:50+00:00","breadcrumb":{"@id":"https:\/\/thehypegeek.com\/index.php\/el-trailer-de-ghost-in-the-shell-de-netflix-sac_2045-revela-un-nuevo-aspecto-para-motoko-kusanagi\/#breadcrumb"},"inLanguage":"es-CR","potentialAction":[{"@type":"ReadAction","target":["https:\/\/thehypegeek.com\/index.php\/el-trailer-de-ghost-in-the-shell-de-netflix-sac_2045-revela-un-nuevo-aspecto-para-motoko-kusanagi\/"]}]},{"@type":"ImageObject","inLanguage":"es-CR","@id":"https:\/\/thehypegeek.com\/index.php\/el-trailer-de-ghost-in-the-shell-de-netflix-sac_2045-revela-un-nuevo-aspecto-para-motoko-kusanagi\/#primaryimage","url":"https:\/\/thehypegeek.com\/wp-content\/uploads\/2019\/10\/ghost.jpg","contentUrl":"https:\/\/thehypegeek.com\/wp-content\/uploads\/2019\/10\/ghost.jpg","width":1176,"height":476,"caption":"Ghost in the Shell - portada"},{"@type":"BreadcrumbList","@id":"https:\/\/thehypegeek.com\/index.php\/el-trailer-de-ghost-in-the-shell-de-netflix-sac_2045-revela-un-nuevo-aspecto-para-motoko-kusanagi\/#breadcrumb","itemListElement":[{"@type":"ListItem","position":1,"name":"Home","item":"https:\/\/thehypegeek.com\/"},{"@type":"ListItem","position":2,"name":"El trailer de Ghost in the Shell de Netflix: SAC_2045 revela un nuevo aspecto para Motoko Kusanagi"}]},{"@type":"WebSite","@id":"https:\/\/thehypegeek.com\/#website","url":"https:\/\/thehypegeek.com\/","name":"The Hype Geek","description":"The Hype Geek","publisher":{"@id":"https:\/\/thehypegeek.com\/#organization"},"potentialAction":[{"@type":"SearchAction","target":{"@type":"EntryPoint","urlTemplate":"https:\/\/thehypegeek.com\/?s={search_term_string}"},"query-input":{"@type":"PropertyValueSpecification","valueRequired":true,"valueName":"search_term_string"}}],"inLanguage":"es-CR"},{"@type":"Organization","@id":"https:\/\/thehypegeek.com\/#organization","name":"The Hype Geek","url":"https:\/\/thehypegeek.com\/","logo":{"@type":"ImageObject","inLanguage":"es-CR","@id":"https:\/\/thehypegeek.com\/#\/schema\/logo\/image\/","url":"https:\/\/thehypegeek.com\/wp-content\/uploads\/2023\/03\/unnamed-1.png","contentUrl":"https:\/\/thehypegeek.com\/wp-content\/uploads\/2023\/03\/unnamed-1.png","width":210,"height":100,"caption":"The Hype Geek"},"image":{"@id":"https:\/\/thehypegeek.com\/#\/schema\/logo\/image\/"},"sameAs":["https:\/\/www.facebook.com\/THG506"]},{"@type":"Person","@id":"https:\/\/thehypegeek.com\/#\/schema\/person\/cba8a8e4df3fd0fa4f7c9c021126e2d7","name":"Jose Villarreal","image":{"@type":"ImageObject","inLanguage":"es-CR","@id":"https:\/\/secure.gravatar.com\/avatar\/4179af262013644e6df8aaefa813f5a7678766919634dde586531a1bba7edfdd?s=96&d=mm&r=g","url":"https:\/\/secure.gravatar.com\/avatar\/4179af262013644e6df8aaefa813f5a7678766919634dde586531a1bba7edfdd?s=96&d=mm&r=g","contentUrl":"https:\/\/secure.gravatar.com\/avatar\/4179af262013644e6df8aaefa813f5a7678766919634dde586531a1bba7edfdd?s=96&d=mm&r=g","caption":"Jose Villarreal"},"description":"Docente,entusiasta del PC gaming, los e-sports, la escritura, el cine, la m\u00fasica, el baile, la cultura popular\/geek y el periodismo. \u00bfVan en ese orden? \u00bfTienen alg\u00fan orden? Todas esas palabras me definen de alg\u00fan modo.","url":"https:\/\/thehypegeek.com\/index.php\/author\/admin\/"}]}},"_links":{"self":[{"href":"https:\/\/thehypegeek.com\/index.php\/wp-json\/wp\/v2\/posts\/358","targetHints":{"allow":["GET"]}}],"collection":[{"href":"https:\/\/thehypegeek.com\/index.php\/wp-json\/wp\/v2\/posts"}],"about":[{"href":"https:\/\/thehypegeek.com\/index.php\/wp-json\/wp\/v2\/types\/post"}],"author":[{"embeddable":true,"href":"https:\/\/thehypegeek.com\/index.php\/wp-json\/wp\/v2\/users\/1"}],"replies":[{"embeddable":true,"href":"https:\/\/thehypegeek.com\/index.php\/wp-json\/wp\/v2\/comments?post=358"}],"version-history":[{"count":5,"href":"https:\/\/thehypegeek.com\/index.php\/wp-json\/wp\/v2\/posts\/358\/revisions"}],"predecessor-version":[{"id":376,"href":"https:\/\/thehypegeek.com\/index.php\/wp-json\/wp\/v2\/posts\/358\/revisions\/376"}],"wp:featuredmedia":[{"embeddable":true,"href":"https:\/\/thehypegeek.com\/index.php\/wp-json\/wp\/v2\/media\/363"}],"wp:attachment":[{"href":"https:\/\/thehypegeek.com\/index.php\/wp-json\/wp\/v2\/media?parent=358"}],"wp:term":[{"taxonomy":"category","embeddable":true,"href":"https:\/\/thehypegeek.com\/index.php\/wp-json\/wp\/v2\/categories?post=358"},{"taxonomy":"post_tag","embeddable":true,"href":"https:\/\/thehypegeek.com\/index.php\/wp-json\/wp\/v2\/tags?post=358"}],"curies":[{"name":"wp","href":"https:\/\/api.w.org\/{rel}","templated":true}]}}