{"id":2020,"date":"2026-08-30T11:40:29","date_gmt":"2026-08-30T17:40:29","guid":{"rendered":"https:\/\/thehypegeek.com\/?p=2020"},"modified":"2026-08-30T11:41:56","modified_gmt":"2026-08-30T17:41:56","slug":"camino-a-connecturday-2026-walter-jones-el-black-ranger-original-que-marco-a-toda-una-generacion","status":"publish","type":"post","link":"https:\/\/thehypegeek.com\/index.php\/camino-a-connecturday-2026-walter-jones-el-black-ranger-original-que-marco-a-toda-una-generacion\/","title":{"rendered":"Camino a Connecturday 2026: Walter Jones, el Black Ranger original que marc\u00f3 a toda una generaci\u00f3n | The Hype Geek"},"content":{"rendered":"\n<p class=\"wp-block-paragraph\"><strong>Connecturday 2026<\/strong> sigue calentando motores para su edici\u00f3n de 15 aniversario, y uno de los anuncios que m\u00e1s emoci\u00f3n ha generado entre los fans es la llegada de Walter Jones, recordado mundialmente por interpretar a<strong> Zack Taylor, el Black Ranger<\/strong> original de <strong><em>Mighty Morphin Power Rangers<\/em>.<\/strong><\/p>\n\n\n\n<p class=\"wp-block-paragraph\">Para quienes crecieron en los a\u00f1os 90 viendo a los Power Rangers despu\u00e9s de clases, este nombre no necesita demasiada presentaci\u00f3n. Walter Jones fue parte del equipo que convirti\u00f3 una serie llena de acci\u00f3n, trajes coloridos, monstruos gigantes y frases inolvidables en un fen\u00f3meno mundial que todav\u00eda sigue vivo m\u00e1s de tres d\u00e9cadas despu\u00e9s.<\/p>\n\n\n\n<p class=\"wp-block-paragraph\">Su visita a Costa Rica no solo representa la llegada de un actor querido por el fandom, sino tambi\u00e9n un encuentro directo con una parte importante de la historia de la cultura pop.<\/p>\n\n\n\n<h2 class=\"wp-block-heading\"><strong>Walter Jones: el rostro detr\u00e1s de Zack Taylor<\/strong><\/h2>\n\n\n\n<p class=\"wp-block-paragraph\"><strong>Walter Emanuel Jones<\/strong> dio vida a <strong>Zack Taylor, el primer Black Ranger de <em>Mighty Morphin Power Rangers<\/em><\/strong>. Dentro del equipo original, <strong>Zack <\/strong>destacaba por su energ\u00eda, carisma, sentido del humor y una forma de pelear muy particular que mezclaba artes marciales con baile.<\/p>\n\n\n\n<p class=\"wp-block-paragraph\">Ese estilo, conocido por los fans como<strong> \u201cHip Hop Kido<\/strong>\u201d, ayud\u00f3 a que el personaje tuviera una identidad propia dentro del grupo. <strong>Zack <\/strong>no era solo el Ranger negro: era el amigo divertido, el compa\u00f1ero leal y uno de los personajes m\u00e1s recordados por quienes crecieron con la primera generaci\u00f3n de <strong>Power Rangers.<\/strong><\/p>\n\n\n\n<figure class=\"wp-block-embed is-type-video is-provider-youtube wp-block-embed-youtube wp-embed-aspect-4-3 wp-has-aspect-ratio\"><div class=\"wp-block-embed__wrapper\">\n<iframe loading=\"lazy\" title=\"Hip Hop Kido | E23 Itsy Bitsy Spider | Mighty Morphin | Power Rangers Official\" width=\"640\" height=\"480\" src=\"https:\/\/www.youtube.com\/embed\/Dw724RZlBPA?feature=oembed\" frameborder=\"0\" allow=\"accelerometer; autoplay; clipboard-write; encrypted-media; gyroscope; picture-in-picture; web-share\" referrerpolicy=\"strict-origin-when-cross-origin\" allowfullscreen><\/iframe>\n<\/div><\/figure>\n\n\n\n<p class=\"wp-block-paragraph\">En una \u00e9poca donde la representaci\u00f3n en televisi\u00f3n infantil todav\u00eda era limitada, ver a un h\u00e9roe como <strong>Zack <\/strong>formar parte central del equipo tuvo un impacto especial para muchos fans.<\/p>\n\n\n\n<h2 class=\"wp-block-heading\"><strong>El impacto de Mighty Morphin Power Rangers<\/strong><\/h2>\n\n\n\n<p class=\"wp-block-paragraph\"><strong><em>Mighty Morphin Power Rangers<\/em> <\/strong>debut\u00f3 en los a\u00f1os 90 y r\u00e1pidamente se convirti\u00f3 en una de las series m\u00e1s importantes de la televisi\u00f3n infantil. Su mezcla de acci\u00f3n, humor, trabajo en equipo, artes marciales y elementos del tokusatsu japon\u00e9s logr\u00f3 conectar con millones de ni\u00f1os alrededor del mundo.<\/p>\n\n\n\n<p class=\"wp-block-paragraph\">La serie no solo vendi\u00f3 juguetes, videojuegos y productos de todo tipo; tambi\u00e9n dej\u00f3 frases, poses, villanos y h\u00e9roes que se volvieron parte de la memoria colectiva de toda una generaci\u00f3n.<\/p>\n\n\n\n<p class=\"wp-block-paragraph\">Para muchos fans, los <strong>Power Rangers<\/strong> fueron una primera puerta de entrada al mundo geek. Antes de los universos cinematogr\u00e1ficos, las convenciones masivas y el streaming, ya exist\u00eda esa emoci\u00f3n de ver a cinco j\u00f3venes transformarse para enfrentar amenazas imposibles con una frase que todos seguimos recordando: <strong>\u201cIt\u2019s Morphin Time\u201d.<\/strong><\/p>\n\n\n\n<h2 class=\"wp-block-heading\"><strong>Un legado que sigue vivo m\u00e1s de 30 a\u00f1os despu\u00e9s<\/strong><\/h2>\n\n\n\n<p class=\"wp-block-paragraph\">Lo m\u00e1s impresionante de<strong> Walter Jones<\/strong> y de los<strong> Power Rangers<\/strong> originales es que su impacto no se qued\u00f3 congelado en la nostalgia. La franquicia ha seguido creciendo con nuevas generaciones, nuevas series, c\u00f3mics, especiales y reuniones que han mantenido viva la conexi\u00f3n con los fans.<\/p>\n\n\n\n<p class=\"wp-block-paragraph\"><strong>Jones <\/strong>incluso volvi\u00f3 a formar parte del legado Ranger en el especial <strong><em>Mighty Morphin Power Rangers: Once &amp; Always<\/em>,<\/strong> una producci\u00f3n que celebr\u00f3 los 30 a\u00f1os de la franquicia y reuni\u00f3 a varios rostros conocidos para rendir homenaje a la historia original.<\/p>\n\n\n\n<p class=\"wp-block-paragraph\">Ese regreso fue especialmente significativo para los fans de larga data, porque record\u00f3 que estos personajes siguen ocupando un lugar importante en la cultura pop, incluso d\u00e9cadas despu\u00e9s de su primera aparici\u00f3n.<\/p>\n\n\n<div class=\"wp-block-image\">\n<figure class=\"aligncenter size-full\"><img loading=\"lazy\" decoding=\"async\" width=\"613\" height=\"806\" src=\"https:\/\/thehypegeek.com\/wp-content\/uploads\/2026\/08\/image-14.png\" alt=\"\" class=\"wp-image-2025\" srcset=\"https:\/\/thehypegeek.com\/wp-content\/uploads\/2026\/08\/image-14.png 613w, https:\/\/thehypegeek.com\/wp-content\/uploads\/2026\/08\/image-14-228x300.png 228w\" sizes=\"auto, (max-width: 613px) 100vw, 613px\" \/><figcaption class=\"wp-element-caption\">Walter Emanuel Jones dio vida a Zack Taylor, el primer Black Ranger de <em>Mighty Morphin Power Rangers<\/em><\/figcaption><\/figure>\n<\/div>\n\n\n<h2 class=\"wp-block-heading\"><strong>Walter Jones en Connecturday 2026<\/strong><\/h2>\n\n\n\n<p class=\"wp-block-paragraph\">La llegada de <strong>Walter Jones<\/strong> a <strong><a href=\"https:\/\/thehypegeek.com\/index.php\/zach-roerig-de-the-vampire-diaries-y-walter-jones-el-black-ranger-original-de-power-rangers-llegan-a-connecturday-2026-the-hype-geek\/\">Connecturday <\/a>2026<\/strong> forma parte de la celebraci\u00f3n por los 15 a\u00f1os del evento, una edici\u00f3n que promete reunir a fans del gaming, el anime, los c\u00f3mics, el cine, la televisi\u00f3n y la cultura geek en Costa Rica.<\/p>\n\n\n\n<p class=\"wp-block-paragraph\">Durante el evento, los asistentes tendr\u00e1n la oportunidad de conocer al actor, tomarse fotograf\u00edas y conseguir aut\u00f3grafos, convirtiendo esta visita en una experiencia muy especial para quienes crecieron viendo a <strong>Zack Taylor<\/strong> como el <strong>Black Ranger<\/strong> original.<\/p>\n\n\n\n<p class=\"wp-block-paragraph\">Adem\u00e1s, su presencia conecta dos aniversarios importantes: los 15 a\u00f1os de Connecturday y m\u00e1s de 30 a\u00f1os del legado de <em>Mighty Morphin Power Rangers<\/em>.<\/p>\n\n\n\n<h2 class=\"wp-block-heading\"><strong>\u00bfPor qu\u00e9 su visita importa tanto para los fans?<\/strong><\/h2>\n\n\n\n<p class=\"wp-block-paragraph\"><strong>Walter Jones<\/strong> no llega solo como un invitado m\u00e1s. Llega como parte de una franquicia que marc\u00f3 la infancia de millones de personas y que ayud\u00f3 a definir lo que hoy entendemos como fandom geek.<\/p>\n\n\n\n<p class=\"wp-block-paragraph\">Para muchos asistentes, conocerlo ser\u00e1 reencontrarse con una parte de su ni\u00f1ez. Para otros, ser\u00e1 la oportunidad de conocer a una figura hist\u00f3rica de una franquicia que han descubierto con el paso de los a\u00f1os.<\/p>\n\n\n\n<p class=\"wp-block-paragraph\">Ese es precisamente el valor de eventos como <strong>Connecturday<\/strong>; crear espacios donde distintas generaciones de fans pueden encontrarse, celebrar sus historias favoritas y vivir de cerca momentos que antes parec\u00edan imposibles.<\/p>\n\n\n<div class=\"wp-block-image\">\n<figure class=\"aligncenter size-large\"><img loading=\"lazy\" decoding=\"async\" width=\"819\" height=\"1024\" src=\"https:\/\/thehypegeek.com\/wp-content\/uploads\/2026\/08\/connecturday-2026-post-invitado-walter-jones-1-819x1024.jpeg\" alt=\"\" class=\"wp-image-2022\" srcset=\"https:\/\/thehypegeek.com\/wp-content\/uploads\/2026\/08\/connecturday-2026-post-invitado-walter-jones-1-819x1024.jpeg 819w, https:\/\/thehypegeek.com\/wp-content\/uploads\/2026\/08\/connecturday-2026-post-invitado-walter-jones-1-240x300.jpeg 240w, https:\/\/thehypegeek.com\/wp-content\/uploads\/2026\/08\/connecturday-2026-post-invitado-walter-jones-1-768x960.jpeg 768w, https:\/\/thehypegeek.com\/wp-content\/uploads\/2026\/08\/connecturday-2026-post-invitado-walter-jones-1.jpeg 1080w\" sizes=\"auto, (max-width: 819px) 100vw, 819px\" \/><figcaption class=\"wp-element-caption\">Walter Jones llega a Connecturday 2026<\/figcaption><\/figure>\n<\/div>\n\n\n<h2 class=\"wp-block-heading\"><strong>Un h\u00e9roe noventero que sigue inspirando<\/strong><\/h2>\n\n\n\n<p class=\"wp-block-paragraph\"><strong>Zack Taylor<\/strong> fue un personaje lleno de energ\u00eda, optimismo y presencia. Pero <strong>Walter Jones<\/strong> tambi\u00e9n ha hablado con orgullo sobre el impacto que tuvo interpretar a un superh\u00e9roe negro en una serie de acci\u00f3n real que se transmit\u00eda diariamente y que llegaba a ni\u00f1os de muchas partes del mundo.<\/p>\n\n\n\n<p class=\"wp-block-paragraph\">Ese detalle hace que su legado tenga una dimensi\u00f3n m\u00e1s profunda. No se trata \u00fanicamente de nostalgia, sino tambi\u00e9n de representaci\u00f3n, inspiraci\u00f3n y conexi\u00f3n emocional con una generaci\u00f3n que encontr\u00f3 en los <strong>Power Rangers<\/strong> una forma divertida de aprender sobre amistad, valent\u00eda y trabajo en equipo.<\/p>\n\n\n\n<h2 class=\"wp-block-heading\"><strong>Connecturday 2026 se prepara para una edici\u00f3n hist\u00f3rica<\/strong><\/h2>\n\n\n\n<p class=\"wp-block-paragraph\">Con invitados como <strong>Walter Jones<\/strong>, <strong>Connecturday 2026<\/strong> sigue construyendo una edici\u00f3n de aniversario que apunta a ser una de las m\u00e1s importantes para la comunidad geek en Costa Rica.<\/p>\n\n\n\n<p class=\"wp-block-paragraph\">La presencia del<strong> Black Ranger<\/strong> original suma un fuerte componente de nostalgia, pero tambi\u00e9n demuestra c\u00f3mo la cultura pop sigue uniendo generaciones. Power Rangers no es solo una franquicia del pasado; es una marca que todav\u00eda emociona, se comparte y se celebra.<\/p>\n\n\n\n<p class=\"wp-block-paragraph\">Y para quienes alguna vez so\u00f1aron con hacer morfosis frente al televisor, esta ser\u00e1 una oportunidad \u00fanica para estar frente a uno de los Rangers que inici\u00f3 todo.<\/p>\n\n\n\n<h2 class=\"wp-block-heading\"><strong>No te lo puedes perder!<\/strong><\/h2>\n\n\n\n<p class=\"wp-block-paragraph\"><strong>Walter Jones<\/strong> llega a <strong>Connecturday 2026 <\/strong>como una verdadera leyenda de la cultura pop noventera. Su papel como <strong>Zack Taylor<\/strong>, el <strong>Black Ranger<\/strong> original, dej\u00f3 una huella enorme en el fandom y contin\u00faa siendo recordado con cari\u00f1o por fans de distintas edades.<\/p>\n\n\n\n<p class=\"wp-block-paragraph\">Su visita a Costa Rica promete ser uno de los momentos m\u00e1s especiales de esta edici\u00f3n aniversario, especialmente para quienes crecieron viendo a los<strong> Power Rangers<\/strong> luchar contra<strong> Rita Repulsa<\/strong>, defender<strong> Angel Grove<\/strong> y recordarnos que el verdadero poder siempre estuvo en el trabajo en equipo.<\/p>\n\n\n\n<p class=\"wp-block-paragraph\">Ahora la pregunta es inevitable: \u00bfest\u00e1s listo para decir <strong>\u201cIt\u2019s Morphin Time\u201d<\/strong> en <strong>Connecturday 2026<\/strong>?<\/p>\n\n\n\n<p class=\"wp-block-paragraph\">D\u00e9janos saber tu opini\u00f3n y recuerda seguirnos en nuestras redes sociales:<\/p>\n\n\n\n<p class=\"wp-block-paragraph\">Facebook:&nbsp;<a href=\"https:\/\/www.facebook.com\/THG506\">The Hype Geek LATAM<\/a><br>Instagram: @<a href=\"https:\/\/www.instagram.com\/crthehype\/?hl=es-la\">crthehype<\/a><br>Tiktok: @<a href=\"https:\/\/www.tiktok.com\/@thehypegeekcr\">thehypegeekcr<\/a><\/p>\n\n\n\n<p class=\"wp-block-paragraph\"><\/p>\n","protected":false},"excerpt":{"rendered":"<p>Connecturday 2026 sigue calentando motores para su edici\u00f3n de 15 aniversario, y uno de los anuncios que m\u00e1s emoci\u00f3n ha&hellip;<\/p>\n","protected":false},"author":1,"featured_media":2024,"comment_status":"closed","ping_status":"closed","sticky":false,"template":"","format":"standard","meta":{"footnotes":""},"categories":[30,5],"tags":[615,613,616,582,614,583],"class_list":["post-2020","post","type-post","status-publish","format-standard","has-post-thumbnail","hentry","category-noticias","category-resenas","tag-angel-grove","tag-black-ranger","tag-its-morphin-time","tag-power-rangers","tag-rita-repulsa","tag-walter-jones"],"yoast_head":"<!-- This site is optimized with the Yoast SEO plugin v27.3 - https:\/\/yoast.com\/product\/yoast-seo-wordpress\/ -->\n<title>Camino a Connecturday 2026: Walter Jones, el Black Ranger original que marc\u00f3 a toda una generaci\u00f3n | The Hype Geek -<\/title>\n<meta name=\"description\" content=\"Walter Jones, recordado como Zack Taylor, el Black Ranger original de Mighty Morphin Power Rangers, llegar\u00e1 a Connecturday 2026 en Costa Rica\" \/>\n<meta name=\"robots\" content=\"index, follow, max-snippet:-1, max-image-preview:large, max-video-preview:-1\" \/>\n<link rel=\"canonical\" href=\"https:\/\/thehypegeek.com\/index.php\/camino-a-connecturday-2026-walter-jones-el-black-ranger-original-que-marco-a-toda-una-generacion\/\" \/>\n<meta name=\"twitter:label1\" content=\"Written by\" \/>\n\t<meta name=\"twitter:data1\" content=\"Jose Villarreal\" \/>\n\t<meta name=\"twitter:label2\" content=\"Est. reading time\" \/>\n\t<meta name=\"twitter:data2\" content=\"6 minutos\" \/>\n<script type=\"application\/ld+json\" class=\"yoast-schema-graph\">{\"@context\":\"https:\\\/\\\/schema.org\",\"@graph\":[{\"@type\":\"Article\",\"@id\":\"https:\\\/\\\/thehypegeek.com\\\/index.php\\\/camino-a-connecturday-2026-walter-jones-el-black-ranger-original-que-marco-a-toda-una-generacion\\\/#article\",\"isPartOf\":{\"@id\":\"https:\\\/\\\/thehypegeek.com\\\/index.php\\\/camino-a-connecturday-2026-walter-jones-el-black-ranger-original-que-marco-a-toda-una-generacion\\\/\"},\"author\":{\"name\":\"Jose Villarreal\",\"@id\":\"https:\\\/\\\/thehypegeek.com\\\/#\\\/schema\\\/person\\\/cba8a8e4df3fd0fa4f7c9c021126e2d7\"},\"headline\":\"Camino a Connecturday 2026: Walter Jones, el Black Ranger original que marc\u00f3 a toda una generaci\u00f3n | The Hype Geek\",\"datePublished\":\"2026-08-30T17:40:29+00:00\",\"dateModified\":\"2026-08-30T17:41:56+00:00\",\"mainEntityOfPage\":{\"@id\":\"https:\\\/\\\/thehypegeek.com\\\/index.php\\\/camino-a-connecturday-2026-walter-jones-el-black-ranger-original-que-marco-a-toda-una-generacion\\\/\"},\"wordCount\":1218,\"publisher\":{\"@id\":\"https:\\\/\\\/thehypegeek.com\\\/#organization\"},\"image\":{\"@id\":\"https:\\\/\\\/thehypegeek.com\\\/index.php\\\/camino-a-connecturday-2026-walter-jones-el-black-ranger-original-que-marco-a-toda-una-generacion\\\/#primaryimage\"},\"thumbnailUrl\":\"https:\\\/\\\/thehypegeek.com\\\/wp-content\\\/uploads\\\/2026\\\/08\\\/Untitled-design-2.png\",\"keywords\":[\"Angel Grove\",\"Black Ranger\",\"It\u2019s Morphin Time\",\"Power Rangers\",\"Rita Repulsa\",\"Walter Jones\"],\"articleSection\":[\"Noticias\",\"rese\u00f1as\"],\"inLanguage\":\"es-CR\"},{\"@type\":\"WebPage\",\"@id\":\"https:\\\/\\\/thehypegeek.com\\\/index.php\\\/camino-a-connecturday-2026-walter-jones-el-black-ranger-original-que-marco-a-toda-una-generacion\\\/\",\"url\":\"https:\\\/\\\/thehypegeek.com\\\/index.php\\\/camino-a-connecturday-2026-walter-jones-el-black-ranger-original-que-marco-a-toda-una-generacion\\\/\",\"name\":\"Camino a Connecturday 2026: Walter Jones, el Black Ranger original que marc\u00f3 a toda una generaci\u00f3n | The Hype Geek -\",\"isPartOf\":{\"@id\":\"https:\\\/\\\/thehypegeek.com\\\/#website\"},\"primaryImageOfPage\":{\"@id\":\"https:\\\/\\\/thehypegeek.com\\\/index.php\\\/camino-a-connecturday-2026-walter-jones-el-black-ranger-original-que-marco-a-toda-una-generacion\\\/#primaryimage\"},\"image\":{\"@id\":\"https:\\\/\\\/thehypegeek.com\\\/index.php\\\/camino-a-connecturday-2026-walter-jones-el-black-ranger-original-que-marco-a-toda-una-generacion\\\/#primaryimage\"},\"thumbnailUrl\":\"https:\\\/\\\/thehypegeek.com\\\/wp-content\\\/uploads\\\/2026\\\/08\\\/Untitled-design-2.png\",\"datePublished\":\"2026-08-30T17:40:29+00:00\",\"dateModified\":\"2026-08-30T17:41:56+00:00\",\"description\":\"Walter Jones, recordado como Zack Taylor, el Black Ranger original de Mighty Morphin Power Rangers, llegar\u00e1 a Connecturday 2026 en Costa Rica\",\"breadcrumb\":{\"@id\":\"https:\\\/\\\/thehypegeek.com\\\/index.php\\\/camino-a-connecturday-2026-walter-jones-el-black-ranger-original-que-marco-a-toda-una-generacion\\\/#breadcrumb\"},\"inLanguage\":\"es-CR\",\"potentialAction\":[{\"@type\":\"ReadAction\",\"target\":[\"https:\\\/\\\/thehypegeek.com\\\/index.php\\\/camino-a-connecturday-2026-walter-jones-el-black-ranger-original-que-marco-a-toda-una-generacion\\\/\"]}]},{\"@type\":\"ImageObject\",\"inLanguage\":\"es-CR\",\"@id\":\"https:\\\/\\\/thehypegeek.com\\\/index.php\\\/camino-a-connecturday-2026-walter-jones-el-black-ranger-original-que-marco-a-toda-una-generacion\\\/#primaryimage\",\"url\":\"https:\\\/\\\/thehypegeek.com\\\/wp-content\\\/uploads\\\/2026\\\/08\\\/Untitled-design-2.png\",\"contentUrl\":\"https:\\\/\\\/thehypegeek.com\\\/wp-content\\\/uploads\\\/2026\\\/08\\\/Untitled-design-2.png\",\"width\":2000,\"height\":1414,\"caption\":\"Camino a Connecturday 2026: Walter Jones, el Black Ranger original que marc\u00f3 a toda una generaci\u00f3n\"},{\"@type\":\"BreadcrumbList\",\"@id\":\"https:\\\/\\\/thehypegeek.com\\\/index.php\\\/camino-a-connecturday-2026-walter-jones-el-black-ranger-original-que-marco-a-toda-una-generacion\\\/#breadcrumb\",\"itemListElement\":[{\"@type\":\"ListItem\",\"position\":1,\"name\":\"Home\",\"item\":\"https:\\\/\\\/thehypegeek.com\\\/\"},{\"@type\":\"ListItem\",\"position\":2,\"name\":\"Camino a Connecturday 2026: Walter Jones, el Black Ranger original que marc\u00f3 a toda una generaci\u00f3n | The Hype Geek\"}]},{\"@type\":\"WebSite\",\"@id\":\"https:\\\/\\\/thehypegeek.com\\\/#website\",\"url\":\"https:\\\/\\\/thehypegeek.com\\\/\",\"name\":\"The Hype Geek\",\"description\":\"The Hype Geek\",\"publisher\":{\"@id\":\"https:\\\/\\\/thehypegeek.com\\\/#organization\"},\"potentialAction\":[{\"@type\":\"SearchAction\",\"target\":{\"@type\":\"EntryPoint\",\"urlTemplate\":\"https:\\\/\\\/thehypegeek.com\\\/?s={search_term_string}\"},\"query-input\":{\"@type\":\"PropertyValueSpecification\",\"valueRequired\":true,\"valueName\":\"search_term_string\"}}],\"inLanguage\":\"es-CR\"},{\"@type\":\"Organization\",\"@id\":\"https:\\\/\\\/thehypegeek.com\\\/#organization\",\"name\":\"The Hype Geek\",\"url\":\"https:\\\/\\\/thehypegeek.com\\\/\",\"logo\":{\"@type\":\"ImageObject\",\"inLanguage\":\"es-CR\",\"@id\":\"https:\\\/\\\/thehypegeek.com\\\/#\\\/schema\\\/logo\\\/image\\\/\",\"url\":\"https:\\\/\\\/thehypegeek.com\\\/wp-content\\\/uploads\\\/2023\\\/03\\\/unnamed-1.png\",\"contentUrl\":\"https:\\\/\\\/thehypegeek.com\\\/wp-content\\\/uploads\\\/2023\\\/03\\\/unnamed-1.png\",\"width\":210,\"height\":100,\"caption\":\"The Hype Geek\"},\"image\":{\"@id\":\"https:\\\/\\\/thehypegeek.com\\\/#\\\/schema\\\/logo\\\/image\\\/\"},\"sameAs\":[\"https:\\\/\\\/www.facebook.com\\\/THG506\"]},{\"@type\":\"Person\",\"@id\":\"https:\\\/\\\/thehypegeek.com\\\/#\\\/schema\\\/person\\\/cba8a8e4df3fd0fa4f7c9c021126e2d7\",\"name\":\"Jose Villarreal\",\"image\":{\"@type\":\"ImageObject\",\"inLanguage\":\"es-CR\",\"@id\":\"https:\\\/\\\/secure.gravatar.com\\\/avatar\\\/4179af262013644e6df8aaefa813f5a7678766919634dde586531a1bba7edfdd?s=96&d=mm&r=g\",\"url\":\"https:\\\/\\\/secure.gravatar.com\\\/avatar\\\/4179af262013644e6df8aaefa813f5a7678766919634dde586531a1bba7edfdd?s=96&d=mm&r=g\",\"contentUrl\":\"https:\\\/\\\/secure.gravatar.com\\\/avatar\\\/4179af262013644e6df8aaefa813f5a7678766919634dde586531a1bba7edfdd?s=96&d=mm&r=g\",\"caption\":\"Jose Villarreal\"},\"description\":\"Docente,entusiasta del PC gaming, los e-sports, la escritura, el cine, la m\u00fasica, el baile, la cultura popular\\\/geek y el periodismo. \u00bfVan en ese orden? \u00bfTienen alg\u00fan orden? Todas esas palabras me definen de alg\u00fan modo.\",\"url\":\"https:\\\/\\\/thehypegeek.com\\\/index.php\\\/author\\\/admin\\\/\"}]}<\/script>\n<!-- \/ Yoast SEO plugin. -->","yoast_head_json":{"title":"Camino a Connecturday 2026: Walter Jones, el Black Ranger original que marc\u00f3 a toda una generaci\u00f3n | The Hype Geek -","description":"Walter Jones, recordado como Zack Taylor, el Black Ranger original de Mighty Morphin Power Rangers, llegar\u00e1 a Connecturday 2026 en Costa Rica","robots":{"index":"index","follow":"follow","max-snippet":"max-snippet:-1","max-image-preview":"max-image-preview:large","max-video-preview":"max-video-preview:-1"},"canonical":"https:\/\/thehypegeek.com\/index.php\/camino-a-connecturday-2026-walter-jones-el-black-ranger-original-que-marco-a-toda-una-generacion\/","twitter_misc":{"Written by":"Jose Villarreal","Est. reading time":"6 minutos"},"schema":{"@context":"https:\/\/schema.org","@graph":[{"@type":"Article","@id":"https:\/\/thehypegeek.com\/index.php\/camino-a-connecturday-2026-walter-jones-el-black-ranger-original-que-marco-a-toda-una-generacion\/#article","isPartOf":{"@id":"https:\/\/thehypegeek.com\/index.php\/camino-a-connecturday-2026-walter-jones-el-black-ranger-original-que-marco-a-toda-una-generacion\/"},"author":{"name":"Jose Villarreal","@id":"https:\/\/thehypegeek.com\/#\/schema\/person\/cba8a8e4df3fd0fa4f7c9c021126e2d7"},"headline":"Camino a Connecturday 2026: Walter Jones, el Black Ranger original que marc\u00f3 a toda una generaci\u00f3n | The Hype Geek","datePublished":"2026-08-30T17:40:29+00:00","dateModified":"2026-08-30T17:41:56+00:00","mainEntityOfPage":{"@id":"https:\/\/thehypegeek.com\/index.php\/camino-a-connecturday-2026-walter-jones-el-black-ranger-original-que-marco-a-toda-una-generacion\/"},"wordCount":1218,"publisher":{"@id":"https:\/\/thehypegeek.com\/#organization"},"image":{"@id":"https:\/\/thehypegeek.com\/index.php\/camino-a-connecturday-2026-walter-jones-el-black-ranger-original-que-marco-a-toda-una-generacion\/#primaryimage"},"thumbnailUrl":"https:\/\/thehypegeek.com\/wp-content\/uploads\/2026\/08\/Untitled-design-2.png","keywords":["Angel Grove","Black Ranger","It\u2019s Morphin Time","Power Rangers","Rita Repulsa","Walter Jones"],"articleSection":["Noticias","rese\u00f1as"],"inLanguage":"es-CR"},{"@type":"WebPage","@id":"https:\/\/thehypegeek.com\/index.php\/camino-a-connecturday-2026-walter-jones-el-black-ranger-original-que-marco-a-toda-una-generacion\/","url":"https:\/\/thehypegeek.com\/index.php\/camino-a-connecturday-2026-walter-jones-el-black-ranger-original-que-marco-a-toda-una-generacion\/","name":"Camino a Connecturday 2026: Walter Jones, el Black Ranger original que marc\u00f3 a toda una generaci\u00f3n | The Hype Geek -","isPartOf":{"@id":"https:\/\/thehypegeek.com\/#website"},"primaryImageOfPage":{"@id":"https:\/\/thehypegeek.com\/index.php\/camino-a-connecturday-2026-walter-jones-el-black-ranger-original-que-marco-a-toda-una-generacion\/#primaryimage"},"image":{"@id":"https:\/\/thehypegeek.com\/index.php\/camino-a-connecturday-2026-walter-jones-el-black-ranger-original-que-marco-a-toda-una-generacion\/#primaryimage"},"thumbnailUrl":"https:\/\/thehypegeek.com\/wp-content\/uploads\/2026\/08\/Untitled-design-2.png","datePublished":"2026-08-30T17:40:29+00:00","dateModified":"2026-08-30T17:41:56+00:00","description":"Walter Jones, recordado como Zack Taylor, el Black Ranger original de Mighty Morphin Power Rangers, llegar\u00e1 a Connecturday 2026 en Costa Rica","breadcrumb":{"@id":"https:\/\/thehypegeek.com\/index.php\/camino-a-connecturday-2026-walter-jones-el-black-ranger-original-que-marco-a-toda-una-generacion\/#breadcrumb"},"inLanguage":"es-CR","potentialAction":[{"@type":"ReadAction","target":["https:\/\/thehypegeek.com\/index.php\/camino-a-connecturday-2026-walter-jones-el-black-ranger-original-que-marco-a-toda-una-generacion\/"]}]},{"@type":"ImageObject","inLanguage":"es-CR","@id":"https:\/\/thehypegeek.com\/index.php\/camino-a-connecturday-2026-walter-jones-el-black-ranger-original-que-marco-a-toda-una-generacion\/#primaryimage","url":"https:\/\/thehypegeek.com\/wp-content\/uploads\/2026\/08\/Untitled-design-2.png","contentUrl":"https:\/\/thehypegeek.com\/wp-content\/uploads\/2026\/08\/Untitled-design-2.png","width":2000,"height":1414,"caption":"Camino a Connecturday 2026: Walter Jones, el Black Ranger original que marc\u00f3 a toda una generaci\u00f3n"},{"@type":"BreadcrumbList","@id":"https:\/\/thehypegeek.com\/index.php\/camino-a-connecturday-2026-walter-jones-el-black-ranger-original-que-marco-a-toda-una-generacion\/#breadcrumb","itemListElement":[{"@type":"ListItem","position":1,"name":"Home","item":"https:\/\/thehypegeek.com\/"},{"@type":"ListItem","position":2,"name":"Camino a Connecturday 2026: Walter Jones, el Black Ranger original que marc\u00f3 a toda una generaci\u00f3n | The Hype Geek"}]},{"@type":"WebSite","@id":"https:\/\/thehypegeek.com\/#website","url":"https:\/\/thehypegeek.com\/","name":"The Hype Geek","description":"The Hype Geek","publisher":{"@id":"https:\/\/thehypegeek.com\/#organization"},"potentialAction":[{"@type":"SearchAction","target":{"@type":"EntryPoint","urlTemplate":"https:\/\/thehypegeek.com\/?s={search_term_string}"},"query-input":{"@type":"PropertyValueSpecification","valueRequired":true,"valueName":"search_term_string"}}],"inLanguage":"es-CR"},{"@type":"Organization","@id":"https:\/\/thehypegeek.com\/#organization","name":"The Hype Geek","url":"https:\/\/thehypegeek.com\/","logo":{"@type":"ImageObject","inLanguage":"es-CR","@id":"https:\/\/thehypegeek.com\/#\/schema\/logo\/image\/","url":"https:\/\/thehypegeek.com\/wp-content\/uploads\/2023\/03\/unnamed-1.png","contentUrl":"https:\/\/thehypegeek.com\/wp-content\/uploads\/2023\/03\/unnamed-1.png","width":210,"height":100,"caption":"The Hype Geek"},"image":{"@id":"https:\/\/thehypegeek.com\/#\/schema\/logo\/image\/"},"sameAs":["https:\/\/www.facebook.com\/THG506"]},{"@type":"Person","@id":"https:\/\/thehypegeek.com\/#\/schema\/person\/cba8a8e4df3fd0fa4f7c9c021126e2d7","name":"Jose Villarreal","image":{"@type":"ImageObject","inLanguage":"es-CR","@id":"https:\/\/secure.gravatar.com\/avatar\/4179af262013644e6df8aaefa813f5a7678766919634dde586531a1bba7edfdd?s=96&d=mm&r=g","url":"https:\/\/secure.gravatar.com\/avatar\/4179af262013644e6df8aaefa813f5a7678766919634dde586531a1bba7edfdd?s=96&d=mm&r=g","contentUrl":"https:\/\/secure.gravatar.com\/avatar\/4179af262013644e6df8aaefa813f5a7678766919634dde586531a1bba7edfdd?s=96&d=mm&r=g","caption":"Jose Villarreal"},"description":"Docente,entusiasta del PC gaming, los e-sports, la escritura, el cine, la m\u00fasica, el baile, la cultura popular\/geek y el periodismo. \u00bfVan en ese orden? \u00bfTienen alg\u00fan orden? Todas esas palabras me definen de alg\u00fan modo.","url":"https:\/\/thehypegeek.com\/index.php\/author\/admin\/"}]}},"_links":{"self":[{"href":"https:\/\/thehypegeek.com\/index.php\/wp-json\/wp\/v2\/posts\/2020","targetHints":{"allow":["GET"]}}],"collection":[{"href":"https:\/\/thehypegeek.com\/index.php\/wp-json\/wp\/v2\/posts"}],"about":[{"href":"https:\/\/thehypegeek.com\/index.php\/wp-json\/wp\/v2\/types\/post"}],"author":[{"embeddable":true,"href":"https:\/\/thehypegeek.com\/index.php\/wp-json\/wp\/v2\/users\/1"}],"replies":[{"embeddable":true,"href":"https:\/\/thehypegeek.com\/index.php\/wp-json\/wp\/v2\/comments?post=2020"}],"version-history":[{"count":5,"href":"https:\/\/thehypegeek.com\/index.php\/wp-json\/wp\/v2\/posts\/2020\/revisions"}],"predecessor-version":[{"id":2030,"href":"https:\/\/thehypegeek.com\/index.php\/wp-json\/wp\/v2\/posts\/2020\/revisions\/2030"}],"wp:featuredmedia":[{"embeddable":true,"href":"https:\/\/thehypegeek.com\/index.php\/wp-json\/wp\/v2\/media\/2024"}],"wp:attachment":[{"href":"https:\/\/thehypegeek.com\/index.php\/wp-json\/wp\/v2\/media?parent=2020"}],"wp:term":[{"taxonomy":"category","embeddable":true,"href":"https:\/\/thehypegeek.com\/index.php\/wp-json\/wp\/v2\/categories?post=2020"},{"taxonomy":"post_tag","embeddable":true,"href":"https:\/\/thehypegeek.com\/index.php\/wp-json\/wp\/v2\/tags?post=2020"}],"curies":[{"name":"wp","href":"https:\/\/api.w.org\/{rel}","templated":true}]}}