{"id":1325,"date":"2020-07-27T11:26:18","date_gmt":"2020-07-27T17:26:18","guid":{"rendered":"https:\/\/thehypegeek.com\/?p=1325"},"modified":"2020-07-27T11:26:19","modified_gmt":"2020-07-27T17:26:19","slug":"netflix-anuncio-the-witcher-blood-origin","status":"publish","type":"post","link":"https:\/\/thehypegeek.com\/index.php\/netflix-anuncio-the-witcher-blood-origin\/","title":{"rendered":"Netflix anunci\u00f3 The Witcher: Blood Origin"},"content":{"rendered":"\n<h3 class=\"wp-block-heading\">La serie nos trasladar\u00e1 1200 a\u00f1os antes de los acontecimientos de la historia de Geralt. Estar\u00e1 dividida en 6 partes y contar\u00e1 con Declan de Barra y Lauren Schmidt Hissrich.<\/h3>\n\n\n\n<p>El universo de\u00a0<strong>Geralt de Rivia<\/strong>\u00a0se va a expandir en\u00a0<strong>Netflix<\/strong>. La plataforma de streaming dio luz verde a\u00a0<em><strong>The Witcher: Blood Origin<\/strong><\/em>, una serie tipo\u00a0<em>spin-off<\/em>\u00a0que llevar\u00e1 a los espectadores\u00a0<strong>1200 a\u00f1os antes de los acontecimientos que se narran en la producci\u00f3n principal<\/strong>. La serie viene de la mano de\u00a0<strong>Declan de Barra y Lauren Schmidt Hissrich<\/strong>, que adem\u00e1s es la showrunner de la propia\u00a0<em>The Witcher<\/em>. Para los que siguen todos los proyectos relacionados a The Witcher es importante  se\u00f1alar que este proyecto es diferente a la serie de animaci\u00f3n\u00a0<a rel=\"noreferrer noopener\" href=\"https:\/\/vandal.elespanol.com\/noticia\/1350731286\/the-witcher-en-netflix-la-cinta-de-animacion-se-centrara-en-vesemir-el-mentor-de-geralt\/\" target=\"_blank\"><em>The Witcher: Nightmare of the Wolf<\/em><\/a>, que se va centrar en Vesemir, el brujo mentor de Geralt.<\/p>\n\n\n\n<div class=\"wp-block-image\"><figure class=\"aligncenter size-large\"><img loading=\"lazy\" decoding=\"async\" width=\"864\" height=\"486\" src=\"https:\/\/thehypegeek.com\/wp-content\/uploads\/2020\/07\/2020727155749_1.jpg\" alt=\"Netflix anunci\u00f3 The Witcher: Blood Origin\" class=\"wp-image-1326\" srcset=\"https:\/\/thehypegeek.com\/wp-content\/uploads\/2020\/07\/2020727155749_1.jpg 864w, https:\/\/thehypegeek.com\/wp-content\/uploads\/2020\/07\/2020727155749_1-300x169.jpg 300w, https:\/\/thehypegeek.com\/wp-content\/uploads\/2020\/07\/2020727155749_1-768x432.jpg 768w, https:\/\/thehypegeek.com\/wp-content\/uploads\/2020\/07\/2020727155749_1-750x422.jpg 750w\" sizes=\"auto, (max-width: 864px) 100vw, 864px\" \/><\/figure><\/div>\n\n\n\n<h2 class=\"wp-block-heading\">\u00bfQue sabemos?<\/h2>\n\n\n\n<p>Por desgracia, <a href=\"https:\/\/thehypegeek.com\/index.php\/the-witcher-confirma-segunda-temporada\/\"><strong>Netflix<\/strong>\u00a0<\/a>ha ofrecido breves detalles sobre lo que podemos esperar de esta producci\u00f3n, pero parece que se ocupar\u00e1 de\u00a0<strong>explorar el trasfondo y los pilares sobre los que se sostiene el universo<\/strong>\u00a0creado por el escritor polaco\u00a0<strong>Andrzej Sapkowski<\/strong>. La serie explorar\u00e1 el cataclismo conocido como\u00a0<strong>la Conjunci\u00f3n de las Esferas<\/strong>, el acontecimiento que fue el responsable de la llegada de los monstruos, elfos, y todo tipo de criaturas al Continente, y que tuvo lugar precisamente 1200 a\u00f1os de los acontecimientos de los libros. Se trata de un evento que se menciona en las novelas con asiduidad y tiene una gran relevancia para la historia de la saga, mientras que igualmente tiene presencia en\u00a0<strong><strong><em>The Witcher 3: Wild Hunt<\/em><\/strong><\/strong>.<\/p>\n\n\n\n<p>&#8220;1200 a\u00f1os antes de Geralt de Rivia, los mundos de los monstruos, los hombres y los elfos se fusionaron en uno, y el primer brujo naci\u00f3&#8221;, se puede leer en las palabras oficiales de Netflix, describiendo la historia del proyecto. &#8220;Anunciamos The Witcher: Blood Origin, una serie de acci\u00f3n en vivo de The Witcher dividida en 6 partes, de Declan de Barra y Lauren Schmidt Hissrich&#8221;.<\/p>\n\n\n\n<div class=\"wp-block-image\"><figure class=\"aligncenter size-large\"><img loading=\"lazy\" decoding=\"async\" width=\"1024\" height=\"576\" src=\"https:\/\/thehypegeek.com\/wp-content\/uploads\/2020\/07\/spin-off-the-witcher-1024x576.jpg\" alt=\"Netflix anunci\u00f3 The Witcher: Blood Origin\" class=\"wp-image-1327\" srcset=\"https:\/\/thehypegeek.com\/wp-content\/uploads\/2020\/07\/spin-off-the-witcher-1024x576.jpg 1024w, https:\/\/thehypegeek.com\/wp-content\/uploads\/2020\/07\/spin-off-the-witcher-300x169.jpg 300w, https:\/\/thehypegeek.com\/wp-content\/uploads\/2020\/07\/spin-off-the-witcher-768x432.jpg 768w, https:\/\/thehypegeek.com\/wp-content\/uploads\/2020\/07\/spin-off-the-witcher-750x422.jpg 750w, https:\/\/thehypegeek.com\/wp-content\/uploads\/2020\/07\/spin-off-the-witcher-1140x641.jpg 1140w, https:\/\/thehypegeek.com\/wp-content\/uploads\/2020\/07\/spin-off-the-witcher.jpg 1280w\" sizes=\"auto, (max-width: 1024px) 100vw, 1024px\" \/><figcaption> The Witcher logo<\/figcaption><\/figure><\/div>\n\n\n\n<p>&#8220;<strong>Este ha sido el secreto m\u00e1s dif\u00edcil de mantener<\/strong>&#8220;, agreg\u00f3 Lauren S. Hissrich sobre el anuncio. &#8220;Siempre quise profundizar en el mito y la tradici\u00f3n del Continente, y ahora los fans tendr\u00e1n la oportunidad de explorarlo con Declan de Barra en una serie precuela,\u00a0<em>The Witcher: Blood Origin<\/em>.\u00a0<strong>Elfos y enemigos, y el fin&#8230;<\/strong>&#8220;<\/p>\n\n\n\n<p>Como se mencion\u00f3 anteriormente, los detalles de la trama permanecen en secreto mientras que tambi\u00e9n se desconocen los personajes que formar\u00e1n parte de la historia. Si bien algunos fans se han dejado arrastrar por la euforia del anuncio, otros son m\u00e1s bien esc\u00e9pticos: &#8220;Hemos visto s\u00f3lo una temporada y ya crees que se ha ganado un spin-off&#8221;, escribi\u00f3 el usuario de Twitter Daniel R Baumfree. Mientras tanto, la segunda temporada de The Witcher comenzar\u00e1 a rodarse este mes de agosto con Henry Cavill, Freya Allan y Anya Chalotra a la cabeza del reparto.<\/p>\n\n\n\n<p>Fuente: <a href=\"https:\/\/comicbook.com\/gaming\/news\/the-witcher-blood-origin-netflix-series\/\">Comicbook<\/a><\/p>\n\n\n\n<p>D\u00e9janos saber tu opini\u00f3n y recuerda seguirnos en nuestras redes sociales:<\/p>\n\n\n\n<p>Facebook:&nbsp;<a href=\"https:\/\/www.facebook.com\/THG506\">The Hype Geek LATAM<\/a><br>Instagram: @crthehype<br>Youtube: The Hype Geek LATAM<\/p>\n","protected":false},"excerpt":{"rendered":"<p>La serie nos trasladar\u00e1 1200 a\u00f1os antes de los acontecimientos de la historia de Geralt. Estar\u00e1 dividida en 6 partes&hellip;<\/p>\n","protected":false},"author":1,"featured_media":1330,"comment_status":"open","ping_status":"open","sticky":false,"template":"","format":"standard","meta":{"footnotes":""},"categories":[8,30],"tags":[64,114],"class_list":["post-1325","post","type-post","status-publish","format-standard","has-post-thumbnail","hentry","category-cine-y-tv","category-noticias","tag-netflix","tag-the-witcher"],"yoast_head":"<!-- This site is optimized with the Yoast SEO plugin v27.3 - https:\/\/yoast.com\/product\/yoast-seo-wordpress\/ -->\n<title>Netflix anunci\u00f3 The Witcher: Blood Origin -<\/title>\n<meta name=\"description\" content=\"The Witcher: Blood Origin. La serie nos trasladar\u00e1 1200 a\u00f1os antes de los acontecimientos de la historia de Geralt. La serie estar\u00e1 dividida en 6 episodios.\" \/>\n<meta name=\"robots\" content=\"index, follow, max-snippet:-1, max-image-preview:large, max-video-preview:-1\" \/>\n<link rel=\"canonical\" href=\"https:\/\/thehypegeek.com\/index.php\/netflix-anuncio-the-witcher-blood-origin\/\" \/>\n<meta name=\"twitter:label1\" content=\"Written by\" \/>\n\t<meta name=\"twitter:data1\" content=\"Jose Villarreal\" \/>\n\t<meta name=\"twitter:label2\" content=\"Est. reading time\" \/>\n\t<meta name=\"twitter:data2\" content=\"3 minutos\" \/>\n<script type=\"application\/ld+json\" class=\"yoast-schema-graph\">{\"@context\":\"https:\\\/\\\/schema.org\",\"@graph\":[{\"@type\":\"Article\",\"@id\":\"https:\\\/\\\/thehypegeek.com\\\/index.php\\\/netflix-anuncio-the-witcher-blood-origin\\\/#article\",\"isPartOf\":{\"@id\":\"https:\\\/\\\/thehypegeek.com\\\/index.php\\\/netflix-anuncio-the-witcher-blood-origin\\\/\"},\"author\":{\"name\":\"Jose Villarreal\",\"@id\":\"https:\\\/\\\/thehypegeek.com\\\/#\\\/schema\\\/person\\\/cba8a8e4df3fd0fa4f7c9c021126e2d7\"},\"headline\":\"Netflix anunci\u00f3 The Witcher: Blood Origin\",\"datePublished\":\"2020-07-27T17:26:18+00:00\",\"dateModified\":\"2020-07-27T17:26:19+00:00\",\"mainEntityOfPage\":{\"@id\":\"https:\\\/\\\/thehypegeek.com\\\/index.php\\\/netflix-anuncio-the-witcher-blood-origin\\\/\"},\"wordCount\":526,\"commentCount\":0,\"publisher\":{\"@id\":\"https:\\\/\\\/thehypegeek.com\\\/#organization\"},\"image\":{\"@id\":\"https:\\\/\\\/thehypegeek.com\\\/index.php\\\/netflix-anuncio-the-witcher-blood-origin\\\/#primaryimage\"},\"thumbnailUrl\":\"https:\\\/\\\/thehypegeek.com\\\/wp-content\\\/uploads\\\/2020\\\/07\\\/The-Witcher-Blood-Origin.jpg\",\"keywords\":[\"Netflix\",\"The witcher\"],\"articleSection\":[\"cine y tv\",\"Noticias\"],\"inLanguage\":\"es-CR\",\"potentialAction\":[{\"@type\":\"CommentAction\",\"name\":\"Comment\",\"target\":[\"https:\\\/\\\/thehypegeek.com\\\/index.php\\\/netflix-anuncio-the-witcher-blood-origin\\\/#respond\"]}]},{\"@type\":\"WebPage\",\"@id\":\"https:\\\/\\\/thehypegeek.com\\\/index.php\\\/netflix-anuncio-the-witcher-blood-origin\\\/\",\"url\":\"https:\\\/\\\/thehypegeek.com\\\/index.php\\\/netflix-anuncio-the-witcher-blood-origin\\\/\",\"name\":\"Netflix anunci\u00f3 The Witcher: Blood Origin -\",\"isPartOf\":{\"@id\":\"https:\\\/\\\/thehypegeek.com\\\/#website\"},\"primaryImageOfPage\":{\"@id\":\"https:\\\/\\\/thehypegeek.com\\\/index.php\\\/netflix-anuncio-the-witcher-blood-origin\\\/#primaryimage\"},\"image\":{\"@id\":\"https:\\\/\\\/thehypegeek.com\\\/index.php\\\/netflix-anuncio-the-witcher-blood-origin\\\/#primaryimage\"},\"thumbnailUrl\":\"https:\\\/\\\/thehypegeek.com\\\/wp-content\\\/uploads\\\/2020\\\/07\\\/The-Witcher-Blood-Origin.jpg\",\"datePublished\":\"2020-07-27T17:26:18+00:00\",\"dateModified\":\"2020-07-27T17:26:19+00:00\",\"description\":\"The Witcher: Blood Origin. La serie nos trasladar\u00e1 1200 a\u00f1os antes de los acontecimientos de la historia de Geralt. La serie estar\u00e1 dividida en 6 episodios.\",\"breadcrumb\":{\"@id\":\"https:\\\/\\\/thehypegeek.com\\\/index.php\\\/netflix-anuncio-the-witcher-blood-origin\\\/#breadcrumb\"},\"inLanguage\":\"es-CR\",\"potentialAction\":[{\"@type\":\"ReadAction\",\"target\":[\"https:\\\/\\\/thehypegeek.com\\\/index.php\\\/netflix-anuncio-the-witcher-blood-origin\\\/\"]}]},{\"@type\":\"ImageObject\",\"inLanguage\":\"es-CR\",\"@id\":\"https:\\\/\\\/thehypegeek.com\\\/index.php\\\/netflix-anuncio-the-witcher-blood-origin\\\/#primaryimage\",\"url\":\"https:\\\/\\\/thehypegeek.com\\\/wp-content\\\/uploads\\\/2020\\\/07\\\/The-Witcher-Blood-Origin.jpg\",\"contentUrl\":\"https:\\\/\\\/thehypegeek.com\\\/wp-content\\\/uploads\\\/2020\\\/07\\\/The-Witcher-Blood-Origin.jpg\",\"width\":1600,\"height\":900,\"caption\":\"The Witcher: Blood Origin\"},{\"@type\":\"BreadcrumbList\",\"@id\":\"https:\\\/\\\/thehypegeek.com\\\/index.php\\\/netflix-anuncio-the-witcher-blood-origin\\\/#breadcrumb\",\"itemListElement\":[{\"@type\":\"ListItem\",\"position\":1,\"name\":\"Home\",\"item\":\"https:\\\/\\\/thehypegeek.com\\\/\"},{\"@type\":\"ListItem\",\"position\":2,\"name\":\"Netflix anunci\u00f3 The Witcher: Blood Origin\"}]},{\"@type\":\"WebSite\",\"@id\":\"https:\\\/\\\/thehypegeek.com\\\/#website\",\"url\":\"https:\\\/\\\/thehypegeek.com\\\/\",\"name\":\"The Hype Geek\",\"description\":\"The Hype Geek\",\"publisher\":{\"@id\":\"https:\\\/\\\/thehypegeek.com\\\/#organization\"},\"potentialAction\":[{\"@type\":\"SearchAction\",\"target\":{\"@type\":\"EntryPoint\",\"urlTemplate\":\"https:\\\/\\\/thehypegeek.com\\\/?s={search_term_string}\"},\"query-input\":{\"@type\":\"PropertyValueSpecification\",\"valueRequired\":true,\"valueName\":\"search_term_string\"}}],\"inLanguage\":\"es-CR\"},{\"@type\":\"Organization\",\"@id\":\"https:\\\/\\\/thehypegeek.com\\\/#organization\",\"name\":\"The Hype Geek\",\"url\":\"https:\\\/\\\/thehypegeek.com\\\/\",\"logo\":{\"@type\":\"ImageObject\",\"inLanguage\":\"es-CR\",\"@id\":\"https:\\\/\\\/thehypegeek.com\\\/#\\\/schema\\\/logo\\\/image\\\/\",\"url\":\"https:\\\/\\\/thehypegeek.com\\\/wp-content\\\/uploads\\\/2023\\\/03\\\/unnamed-1.png\",\"contentUrl\":\"https:\\\/\\\/thehypegeek.com\\\/wp-content\\\/uploads\\\/2023\\\/03\\\/unnamed-1.png\",\"width\":210,\"height\":100,\"caption\":\"The Hype Geek\"},\"image\":{\"@id\":\"https:\\\/\\\/thehypegeek.com\\\/#\\\/schema\\\/logo\\\/image\\\/\"},\"sameAs\":[\"https:\\\/\\\/www.facebook.com\\\/THG506\"]},{\"@type\":\"Person\",\"@id\":\"https:\\\/\\\/thehypegeek.com\\\/#\\\/schema\\\/person\\\/cba8a8e4df3fd0fa4f7c9c021126e2d7\",\"name\":\"Jose Villarreal\",\"image\":{\"@type\":\"ImageObject\",\"inLanguage\":\"es-CR\",\"@id\":\"https:\\\/\\\/secure.gravatar.com\\\/avatar\\\/4179af262013644e6df8aaefa813f5a7678766919634dde586531a1bba7edfdd?s=96&d=mm&r=g\",\"url\":\"https:\\\/\\\/secure.gravatar.com\\\/avatar\\\/4179af262013644e6df8aaefa813f5a7678766919634dde586531a1bba7edfdd?s=96&d=mm&r=g\",\"contentUrl\":\"https:\\\/\\\/secure.gravatar.com\\\/avatar\\\/4179af262013644e6df8aaefa813f5a7678766919634dde586531a1bba7edfdd?s=96&d=mm&r=g\",\"caption\":\"Jose Villarreal\"},\"description\":\"Docente,entusiasta del PC gaming, los e-sports, la escritura, el cine, la m\u00fasica, el baile, la cultura popular\\\/geek y el periodismo. \u00bfVan en ese orden? \u00bfTienen alg\u00fan orden? Todas esas palabras me definen de alg\u00fan modo.\",\"url\":\"https:\\\/\\\/thehypegeek.com\\\/index.php\\\/author\\\/admin\\\/\"}]}<\/script>\n<!-- \/ Yoast SEO plugin. -->","yoast_head_json":{"title":"Netflix anunci\u00f3 The Witcher: Blood Origin -","description":"The Witcher: Blood Origin. La serie nos trasladar\u00e1 1200 a\u00f1os antes de los acontecimientos de la historia de Geralt. La serie estar\u00e1 dividida en 6 episodios.","robots":{"index":"index","follow":"follow","max-snippet":"max-snippet:-1","max-image-preview":"max-image-preview:large","max-video-preview":"max-video-preview:-1"},"canonical":"https:\/\/thehypegeek.com\/index.php\/netflix-anuncio-the-witcher-blood-origin\/","twitter_misc":{"Written by":"Jose Villarreal","Est. reading time":"3 minutos"},"schema":{"@context":"https:\/\/schema.org","@graph":[{"@type":"Article","@id":"https:\/\/thehypegeek.com\/index.php\/netflix-anuncio-the-witcher-blood-origin\/#article","isPartOf":{"@id":"https:\/\/thehypegeek.com\/index.php\/netflix-anuncio-the-witcher-blood-origin\/"},"author":{"name":"Jose Villarreal","@id":"https:\/\/thehypegeek.com\/#\/schema\/person\/cba8a8e4df3fd0fa4f7c9c021126e2d7"},"headline":"Netflix anunci\u00f3 The Witcher: Blood Origin","datePublished":"2020-07-27T17:26:18+00:00","dateModified":"2020-07-27T17:26:19+00:00","mainEntityOfPage":{"@id":"https:\/\/thehypegeek.com\/index.php\/netflix-anuncio-the-witcher-blood-origin\/"},"wordCount":526,"commentCount":0,"publisher":{"@id":"https:\/\/thehypegeek.com\/#organization"},"image":{"@id":"https:\/\/thehypegeek.com\/index.php\/netflix-anuncio-the-witcher-blood-origin\/#primaryimage"},"thumbnailUrl":"https:\/\/thehypegeek.com\/wp-content\/uploads\/2020\/07\/The-Witcher-Blood-Origin.jpg","keywords":["Netflix","The witcher"],"articleSection":["cine y tv","Noticias"],"inLanguage":"es-CR","potentialAction":[{"@type":"CommentAction","name":"Comment","target":["https:\/\/thehypegeek.com\/index.php\/netflix-anuncio-the-witcher-blood-origin\/#respond"]}]},{"@type":"WebPage","@id":"https:\/\/thehypegeek.com\/index.php\/netflix-anuncio-the-witcher-blood-origin\/","url":"https:\/\/thehypegeek.com\/index.php\/netflix-anuncio-the-witcher-blood-origin\/","name":"Netflix anunci\u00f3 The Witcher: Blood Origin -","isPartOf":{"@id":"https:\/\/thehypegeek.com\/#website"},"primaryImageOfPage":{"@id":"https:\/\/thehypegeek.com\/index.php\/netflix-anuncio-the-witcher-blood-origin\/#primaryimage"},"image":{"@id":"https:\/\/thehypegeek.com\/index.php\/netflix-anuncio-the-witcher-blood-origin\/#primaryimage"},"thumbnailUrl":"https:\/\/thehypegeek.com\/wp-content\/uploads\/2020\/07\/The-Witcher-Blood-Origin.jpg","datePublished":"2020-07-27T17:26:18+00:00","dateModified":"2020-07-27T17:26:19+00:00","description":"The Witcher: Blood Origin. La serie nos trasladar\u00e1 1200 a\u00f1os antes de los acontecimientos de la historia de Geralt. La serie estar\u00e1 dividida en 6 episodios.","breadcrumb":{"@id":"https:\/\/thehypegeek.com\/index.php\/netflix-anuncio-the-witcher-blood-origin\/#breadcrumb"},"inLanguage":"es-CR","potentialAction":[{"@type":"ReadAction","target":["https:\/\/thehypegeek.com\/index.php\/netflix-anuncio-the-witcher-blood-origin\/"]}]},{"@type":"ImageObject","inLanguage":"es-CR","@id":"https:\/\/thehypegeek.com\/index.php\/netflix-anuncio-the-witcher-blood-origin\/#primaryimage","url":"https:\/\/thehypegeek.com\/wp-content\/uploads\/2020\/07\/The-Witcher-Blood-Origin.jpg","contentUrl":"https:\/\/thehypegeek.com\/wp-content\/uploads\/2020\/07\/The-Witcher-Blood-Origin.jpg","width":1600,"height":900,"caption":"The Witcher: Blood Origin"},{"@type":"BreadcrumbList","@id":"https:\/\/thehypegeek.com\/index.php\/netflix-anuncio-the-witcher-blood-origin\/#breadcrumb","itemListElement":[{"@type":"ListItem","position":1,"name":"Home","item":"https:\/\/thehypegeek.com\/"},{"@type":"ListItem","position":2,"name":"Netflix anunci\u00f3 The Witcher: Blood Origin"}]},{"@type":"WebSite","@id":"https:\/\/thehypegeek.com\/#website","url":"https:\/\/thehypegeek.com\/","name":"The Hype Geek","description":"The Hype Geek","publisher":{"@id":"https:\/\/thehypegeek.com\/#organization"},"potentialAction":[{"@type":"SearchAction","target":{"@type":"EntryPoint","urlTemplate":"https:\/\/thehypegeek.com\/?s={search_term_string}"},"query-input":{"@type":"PropertyValueSpecification","valueRequired":true,"valueName":"search_term_string"}}],"inLanguage":"es-CR"},{"@type":"Organization","@id":"https:\/\/thehypegeek.com\/#organization","name":"The Hype Geek","url":"https:\/\/thehypegeek.com\/","logo":{"@type":"ImageObject","inLanguage":"es-CR","@id":"https:\/\/thehypegeek.com\/#\/schema\/logo\/image\/","url":"https:\/\/thehypegeek.com\/wp-content\/uploads\/2023\/03\/unnamed-1.png","contentUrl":"https:\/\/thehypegeek.com\/wp-content\/uploads\/2023\/03\/unnamed-1.png","width":210,"height":100,"caption":"The Hype Geek"},"image":{"@id":"https:\/\/thehypegeek.com\/#\/schema\/logo\/image\/"},"sameAs":["https:\/\/www.facebook.com\/THG506"]},{"@type":"Person","@id":"https:\/\/thehypegeek.com\/#\/schema\/person\/cba8a8e4df3fd0fa4f7c9c021126e2d7","name":"Jose Villarreal","image":{"@type":"ImageObject","inLanguage":"es-CR","@id":"https:\/\/secure.gravatar.com\/avatar\/4179af262013644e6df8aaefa813f5a7678766919634dde586531a1bba7edfdd?s=96&d=mm&r=g","url":"https:\/\/secure.gravatar.com\/avatar\/4179af262013644e6df8aaefa813f5a7678766919634dde586531a1bba7edfdd?s=96&d=mm&r=g","contentUrl":"https:\/\/secure.gravatar.com\/avatar\/4179af262013644e6df8aaefa813f5a7678766919634dde586531a1bba7edfdd?s=96&d=mm&r=g","caption":"Jose Villarreal"},"description":"Docente,entusiasta del PC gaming, los e-sports, la escritura, el cine, la m\u00fasica, el baile, la cultura popular\/geek y el periodismo. \u00bfVan en ese orden? \u00bfTienen alg\u00fan orden? Todas esas palabras me definen de alg\u00fan modo.","url":"https:\/\/thehypegeek.com\/index.php\/author\/admin\/"}]}},"_links":{"self":[{"href":"https:\/\/thehypegeek.com\/index.php\/wp-json\/wp\/v2\/posts\/1325","targetHints":{"allow":["GET"]}}],"collection":[{"href":"https:\/\/thehypegeek.com\/index.php\/wp-json\/wp\/v2\/posts"}],"about":[{"href":"https:\/\/thehypegeek.com\/index.php\/wp-json\/wp\/v2\/types\/post"}],"author":[{"embeddable":true,"href":"https:\/\/thehypegeek.com\/index.php\/wp-json\/wp\/v2\/users\/1"}],"replies":[{"embeddable":true,"href":"https:\/\/thehypegeek.com\/index.php\/wp-json\/wp\/v2\/comments?post=1325"}],"version-history":[{"count":2,"href":"https:\/\/thehypegeek.com\/index.php\/wp-json\/wp\/v2\/posts\/1325\/revisions"}],"predecessor-version":[{"id":1331,"href":"https:\/\/thehypegeek.com\/index.php\/wp-json\/wp\/v2\/posts\/1325\/revisions\/1331"}],"wp:featuredmedia":[{"embeddable":true,"href":"https:\/\/thehypegeek.com\/index.php\/wp-json\/wp\/v2\/media\/1330"}],"wp:attachment":[{"href":"https:\/\/thehypegeek.com\/index.php\/wp-json\/wp\/v2\/media?parent=1325"}],"wp:term":[{"taxonomy":"category","embeddable":true,"href":"https:\/\/thehypegeek.com\/index.php\/wp-json\/wp\/v2\/categories?post=1325"},{"taxonomy":"post_tag","embeddable":true,"href":"https:\/\/thehypegeek.com\/index.php\/wp-json\/wp\/v2\/tags?post=1325"}],"curies":[{"name":"wp","href":"https:\/\/api.w.org\/{rel}","templated":true}]}}