{"id":1171,"date":"2019-12-14T22:42:32","date_gmt":"2019-12-15T04:42:32","guid":{"rendered":"https:\/\/thehypegeek.com\/?p=1171"},"modified":"2019-12-14T22:45:31","modified_gmt":"2019-12-15T04:45:31","slug":"netflix-anuncia-la-fecha-de-estreno-de-dracula","status":"publish","type":"post","link":"https:\/\/thehypegeek.com\/index.php\/netflix-anuncia-la-fecha-de-estreno-de-dracula\/","title":{"rendered":"Netflix anuncia la fecha de estreno de &#8220;Dr\u00e1cula&#8221; la adaptaci\u00f3n de los creadores de &#8216;Sherlock&#8217;"},"content":{"rendered":"\n<h2 class=\"wp-block-heading\">Dr\u00e1cula&nbsp;mover\u00e1 la acci\u00f3n de Transilvania a la Londres victoriana, en la que acaba de desembarcar el personaje titular encarnado por&nbsp;Claes Bang. <\/h2>\n\n\n\n<p>Con un teaser pr\u00e1cticamente id\u00e9ntico al que&nbsp;pudimos <a href=\"https:\/\/thehypegeek.com\/index.php\/los-creadores-de-sherlock-se-atreven-con-el-terror-en-el-primer-trailer-de-dracula\/\">ver el pasado mes de octubre<\/a>, Netflix anuncia cu\u00e1ndo estrenar\u00e1 &#8220;Dr\u00e1cula&#8221;, la adaptaci\u00f3n de la historia del terror\u00edfico personaje que est\u00e1n llevando a cabo Steven Moffat y Mark Gatiss (responsables de &#8216;Sherlock&#8217;) para BBC y la plataforma de Sarandos.<\/p>\n\n\n\n<p>Ser\u00e1 el&nbsp;<strong>4 de enero de 2020 cuando los tres episodios de 90 minutos<\/strong> lleguen a Netflix. En otras palabras,  justo despu\u00e9s de que se acabe la emisi\u00f3n en BBC ya que en Reino Unido se estrena el 1 de enero y se emite en tres noches consecutivas.<\/p>\n\n\n\n<div class=\"wp-block-image\"><figure class=\"aligncenter size-large\"><img loading=\"lazy\" decoding=\"async\" width=\"793\" height=\"453\" src=\"https:\/\/thehypegeek.com\/wp-content\/uploads\/2019\/12\/vlad-tepes-dracula-portada_0.jpg\" alt=\" Claes Bang ser\u00e1 Dr\u00e1cula serie de bbc y netflix\" class=\"wp-image-1175\" srcset=\"https:\/\/thehypegeek.com\/wp-content\/uploads\/2019\/12\/vlad-tepes-dracula-portada_0.jpg 793w, https:\/\/thehypegeek.com\/wp-content\/uploads\/2019\/12\/vlad-tepes-dracula-portada_0-300x171.jpg 300w, https:\/\/thehypegeek.com\/wp-content\/uploads\/2019\/12\/vlad-tepes-dracula-portada_0-768x439.jpg 768w, https:\/\/thehypegeek.com\/wp-content\/uploads\/2019\/12\/vlad-tepes-dracula-portada_0-750x428.jpg 750w\" sizes=\"auto, (max-width: 793px) 100vw, 793px\" \/><figcaption> Claes Bang ser\u00e1 Dr\u00e1cula<\/figcaption><\/figure><\/div>\n\n\n\n<h2 class=\"wp-block-heading\"> \u00bf Que sabemos de esta adaptaci\u00f3n?<\/h2>\n\n\n\n<p>La misma estar\u00e1 basada en la visi\u00f3n de Bram Stoker del personaje, cada episodio contar\u00e1 una historia del vampiro por antonomasia.<\/p>\n\n\n\n<p>En el reparto nos encontraremos con algunos habituales del drama brit\u00e1nico como&nbsp;<strong>Sacha Dhawan, Claes Bang<\/strong>, <strong>Jonathan Aris, Morfydd Clark y Nathan Stewart-Jarrett<\/strong>. A cargo de la direcci\u00f3n est\u00e1n Jonny Campbell, Damon Thomas y Paul McGuigan. La verdad es que la serie tiene muy buena pinta y espero que nos encontremos con algo a la altura de la grandiosidad de &#8220;Sherlock&#8221;.<\/p>\n\n\n\n<p>D\u00e9janos saber tu opini\u00f3n y recuerda seguirnos en nuestras redes\nsociales:<\/p>\n\n\n\n<p>Facebook:&nbsp;<a href=\"https:\/\/www.facebook.com\/THG506\">The Hype Geek LATAM<\/a><br>Instagram: @crthehype<br>Youtube: The Hype Geek LATAM<\/p>\n","protected":false},"excerpt":{"rendered":"<p>Dr\u00e1cula&nbsp;mover\u00e1 la acci\u00f3n de Transilvania a la Londres victoriana, en la que acaba de desembarcar el personaje titular encarnado por&nbsp;Claes&hellip;<\/p>\n","protected":false},"author":1,"featured_media":1172,"comment_status":"open","ping_status":"open","sticky":false,"template":"","format":"video","meta":{"footnotes":""},"categories":[8],"tags":[80,82,64],"class_list":["post-1171","post","type-post","status-publish","format-video","has-post-thumbnail","hentry","category-cine-y-tv","tag-bbc","tag-dracula","tag-netflix","post_format-post-format-video"],"yoast_head":"<!-- This site is optimized with the Yoast SEO plugin v27.3 - https:\/\/yoast.com\/product\/yoast-seo-wordpress\/ -->\n<title>Netflix anuncia la fecha de estreno de &quot;Dr\u00e1cula&quot; la adaptaci\u00f3n de los creadores de &#039;Sherlock&#039; -<\/title>\n<meta name=\"description\" content=\"Dr\u00e1cula mover\u00e1 la acci\u00f3n de Transilvania a la Londres victoriana, en la que acaba de desembarcar el personaje titular encarnado por Claes Bang\" \/>\n<meta name=\"robots\" content=\"index, follow, max-snippet:-1, max-image-preview:large, max-video-preview:-1\" \/>\n<link rel=\"canonical\" href=\"https:\/\/thehypegeek.com\/index.php\/netflix-anuncia-la-fecha-de-estreno-de-dracula\/\" \/>\n<meta name=\"twitter:label1\" content=\"Written by\" \/>\n\t<meta name=\"twitter:data1\" content=\"Jose Villarreal\" \/>\n\t<meta name=\"twitter:label2\" content=\"Est. reading time\" \/>\n\t<meta name=\"twitter:data2\" content=\"1 minuto\" \/>\n<script type=\"application\/ld+json\" class=\"yoast-schema-graph\">{\"@context\":\"https:\\\/\\\/schema.org\",\"@graph\":[{\"@type\":\"Article\",\"@id\":\"https:\\\/\\\/thehypegeek.com\\\/index.php\\\/netflix-anuncia-la-fecha-de-estreno-de-dracula\\\/#article\",\"isPartOf\":{\"@id\":\"https:\\\/\\\/thehypegeek.com\\\/index.php\\\/netflix-anuncia-la-fecha-de-estreno-de-dracula\\\/\"},\"author\":{\"name\":\"Jose Villarreal\",\"@id\":\"https:\\\/\\\/thehypegeek.com\\\/#\\\/schema\\\/person\\\/cba8a8e4df3fd0fa4f7c9c021126e2d7\"},\"headline\":\"Netflix anuncia la fecha de estreno de &#8220;Dr\u00e1cula&#8221; la adaptaci\u00f3n de los creadores de &#8216;Sherlock&#8217;\",\"datePublished\":\"2019-12-15T04:42:32+00:00\",\"dateModified\":\"2019-12-15T04:45:31+00:00\",\"mainEntityOfPage\":{\"@id\":\"https:\\\/\\\/thehypegeek.com\\\/index.php\\\/netflix-anuncia-la-fecha-de-estreno-de-dracula\\\/\"},\"wordCount\":269,\"commentCount\":0,\"publisher\":{\"@id\":\"https:\\\/\\\/thehypegeek.com\\\/#organization\"},\"image\":{\"@id\":\"https:\\\/\\\/thehypegeek.com\\\/index.php\\\/netflix-anuncia-la-fecha-de-estreno-de-dracula\\\/#primaryimage\"},\"thumbnailUrl\":\"https:\\\/\\\/thehypegeek.com\\\/wp-content\\\/uploads\\\/2019\\\/12\\\/dracula-trailer-2.jpg\",\"keywords\":[\"BBC\",\"Dr\u00e1cula\",\"Netflix\"],\"articleSection\":[\"cine y tv\"],\"inLanguage\":\"es-CR\",\"potentialAction\":[{\"@type\":\"CommentAction\",\"name\":\"Comment\",\"target\":[\"https:\\\/\\\/thehypegeek.com\\\/index.php\\\/netflix-anuncia-la-fecha-de-estreno-de-dracula\\\/#respond\"]}]},{\"@type\":\"WebPage\",\"@id\":\"https:\\\/\\\/thehypegeek.com\\\/index.php\\\/netflix-anuncia-la-fecha-de-estreno-de-dracula\\\/\",\"url\":\"https:\\\/\\\/thehypegeek.com\\\/index.php\\\/netflix-anuncia-la-fecha-de-estreno-de-dracula\\\/\",\"name\":\"Netflix anuncia la fecha de estreno de \\\"Dr\u00e1cula\\\" la adaptaci\u00f3n de los creadores de 'Sherlock' -\",\"isPartOf\":{\"@id\":\"https:\\\/\\\/thehypegeek.com\\\/#website\"},\"primaryImageOfPage\":{\"@id\":\"https:\\\/\\\/thehypegeek.com\\\/index.php\\\/netflix-anuncia-la-fecha-de-estreno-de-dracula\\\/#primaryimage\"},\"image\":{\"@id\":\"https:\\\/\\\/thehypegeek.com\\\/index.php\\\/netflix-anuncia-la-fecha-de-estreno-de-dracula\\\/#primaryimage\"},\"thumbnailUrl\":\"https:\\\/\\\/thehypegeek.com\\\/wp-content\\\/uploads\\\/2019\\\/12\\\/dracula-trailer-2.jpg\",\"datePublished\":\"2019-12-15T04:42:32+00:00\",\"dateModified\":\"2019-12-15T04:45:31+00:00\",\"description\":\"Dr\u00e1cula mover\u00e1 la acci\u00f3n de Transilvania a la Londres victoriana, en la que acaba de desembarcar el personaje titular encarnado por Claes Bang\",\"breadcrumb\":{\"@id\":\"https:\\\/\\\/thehypegeek.com\\\/index.php\\\/netflix-anuncia-la-fecha-de-estreno-de-dracula\\\/#breadcrumb\"},\"inLanguage\":\"es-CR\",\"potentialAction\":[{\"@type\":\"ReadAction\",\"target\":[\"https:\\\/\\\/thehypegeek.com\\\/index.php\\\/netflix-anuncia-la-fecha-de-estreno-de-dracula\\\/\"]}]},{\"@type\":\"ImageObject\",\"inLanguage\":\"es-CR\",\"@id\":\"https:\\\/\\\/thehypegeek.com\\\/index.php\\\/netflix-anuncia-la-fecha-de-estreno-de-dracula\\\/#primaryimage\",\"url\":\"https:\\\/\\\/thehypegeek.com\\\/wp-content\\\/uploads\\\/2019\\\/12\\\/dracula-trailer-2.jpg\",\"contentUrl\":\"https:\\\/\\\/thehypegeek.com\\\/wp-content\\\/uploads\\\/2019\\\/12\\\/dracula-trailer-2.jpg\",\"width\":1280,\"height\":720,\"caption\":\"dracula bbc netflix\"},{\"@type\":\"BreadcrumbList\",\"@id\":\"https:\\\/\\\/thehypegeek.com\\\/index.php\\\/netflix-anuncia-la-fecha-de-estreno-de-dracula\\\/#breadcrumb\",\"itemListElement\":[{\"@type\":\"ListItem\",\"position\":1,\"name\":\"Home\",\"item\":\"https:\\\/\\\/thehypegeek.com\\\/\"},{\"@type\":\"ListItem\",\"position\":2,\"name\":\"Netflix anuncia la fecha de estreno de &#8220;Dr\u00e1cula&#8221; la adaptaci\u00f3n de los creadores de &#8216;Sherlock&#8217;\"}]},{\"@type\":\"WebSite\",\"@id\":\"https:\\\/\\\/thehypegeek.com\\\/#website\",\"url\":\"https:\\\/\\\/thehypegeek.com\\\/\",\"name\":\"The Hype Geek\",\"description\":\"The Hype Geek\",\"publisher\":{\"@id\":\"https:\\\/\\\/thehypegeek.com\\\/#organization\"},\"potentialAction\":[{\"@type\":\"SearchAction\",\"target\":{\"@type\":\"EntryPoint\",\"urlTemplate\":\"https:\\\/\\\/thehypegeek.com\\\/?s={search_term_string}\"},\"query-input\":{\"@type\":\"PropertyValueSpecification\",\"valueRequired\":true,\"valueName\":\"search_term_string\"}}],\"inLanguage\":\"es-CR\"},{\"@type\":\"Organization\",\"@id\":\"https:\\\/\\\/thehypegeek.com\\\/#organization\",\"name\":\"The Hype Geek\",\"url\":\"https:\\\/\\\/thehypegeek.com\\\/\",\"logo\":{\"@type\":\"ImageObject\",\"inLanguage\":\"es-CR\",\"@id\":\"https:\\\/\\\/thehypegeek.com\\\/#\\\/schema\\\/logo\\\/image\\\/\",\"url\":\"https:\\\/\\\/thehypegeek.com\\\/wp-content\\\/uploads\\\/2023\\\/03\\\/unnamed-1.png\",\"contentUrl\":\"https:\\\/\\\/thehypegeek.com\\\/wp-content\\\/uploads\\\/2023\\\/03\\\/unnamed-1.png\",\"width\":210,\"height\":100,\"caption\":\"The Hype Geek\"},\"image\":{\"@id\":\"https:\\\/\\\/thehypegeek.com\\\/#\\\/schema\\\/logo\\\/image\\\/\"},\"sameAs\":[\"https:\\\/\\\/www.facebook.com\\\/THG506\"]},{\"@type\":\"Person\",\"@id\":\"https:\\\/\\\/thehypegeek.com\\\/#\\\/schema\\\/person\\\/cba8a8e4df3fd0fa4f7c9c021126e2d7\",\"name\":\"Jose Villarreal\",\"image\":{\"@type\":\"ImageObject\",\"inLanguage\":\"es-CR\",\"@id\":\"https:\\\/\\\/secure.gravatar.com\\\/avatar\\\/4179af262013644e6df8aaefa813f5a7678766919634dde586531a1bba7edfdd?s=96&d=mm&r=g\",\"url\":\"https:\\\/\\\/secure.gravatar.com\\\/avatar\\\/4179af262013644e6df8aaefa813f5a7678766919634dde586531a1bba7edfdd?s=96&d=mm&r=g\",\"contentUrl\":\"https:\\\/\\\/secure.gravatar.com\\\/avatar\\\/4179af262013644e6df8aaefa813f5a7678766919634dde586531a1bba7edfdd?s=96&d=mm&r=g\",\"caption\":\"Jose Villarreal\"},\"description\":\"Docente,entusiasta del PC gaming, los e-sports, la escritura, el cine, la m\u00fasica, el baile, la cultura popular\\\/geek y el periodismo. \u00bfVan en ese orden? \u00bfTienen alg\u00fan orden? Todas esas palabras me definen de alg\u00fan modo.\",\"url\":\"https:\\\/\\\/thehypegeek.com\\\/index.php\\\/author\\\/admin\\\/\"}]}<\/script>\n<!-- \/ Yoast SEO plugin. -->","yoast_head_json":{"title":"Netflix anuncia la fecha de estreno de \"Dr\u00e1cula\" la adaptaci\u00f3n de los creadores de 'Sherlock' -","description":"Dr\u00e1cula mover\u00e1 la acci\u00f3n de Transilvania a la Londres victoriana, en la que acaba de desembarcar el personaje titular encarnado por Claes Bang","robots":{"index":"index","follow":"follow","max-snippet":"max-snippet:-1","max-image-preview":"max-image-preview:large","max-video-preview":"max-video-preview:-1"},"canonical":"https:\/\/thehypegeek.com\/index.php\/netflix-anuncia-la-fecha-de-estreno-de-dracula\/","twitter_misc":{"Written by":"Jose Villarreal","Est. reading time":"1 minuto"},"schema":{"@context":"https:\/\/schema.org","@graph":[{"@type":"Article","@id":"https:\/\/thehypegeek.com\/index.php\/netflix-anuncia-la-fecha-de-estreno-de-dracula\/#article","isPartOf":{"@id":"https:\/\/thehypegeek.com\/index.php\/netflix-anuncia-la-fecha-de-estreno-de-dracula\/"},"author":{"name":"Jose Villarreal","@id":"https:\/\/thehypegeek.com\/#\/schema\/person\/cba8a8e4df3fd0fa4f7c9c021126e2d7"},"headline":"Netflix anuncia la fecha de estreno de &#8220;Dr\u00e1cula&#8221; la adaptaci\u00f3n de los creadores de &#8216;Sherlock&#8217;","datePublished":"2019-12-15T04:42:32+00:00","dateModified":"2019-12-15T04:45:31+00:00","mainEntityOfPage":{"@id":"https:\/\/thehypegeek.com\/index.php\/netflix-anuncia-la-fecha-de-estreno-de-dracula\/"},"wordCount":269,"commentCount":0,"publisher":{"@id":"https:\/\/thehypegeek.com\/#organization"},"image":{"@id":"https:\/\/thehypegeek.com\/index.php\/netflix-anuncia-la-fecha-de-estreno-de-dracula\/#primaryimage"},"thumbnailUrl":"https:\/\/thehypegeek.com\/wp-content\/uploads\/2019\/12\/dracula-trailer-2.jpg","keywords":["BBC","Dr\u00e1cula","Netflix"],"articleSection":["cine y tv"],"inLanguage":"es-CR","potentialAction":[{"@type":"CommentAction","name":"Comment","target":["https:\/\/thehypegeek.com\/index.php\/netflix-anuncia-la-fecha-de-estreno-de-dracula\/#respond"]}]},{"@type":"WebPage","@id":"https:\/\/thehypegeek.com\/index.php\/netflix-anuncia-la-fecha-de-estreno-de-dracula\/","url":"https:\/\/thehypegeek.com\/index.php\/netflix-anuncia-la-fecha-de-estreno-de-dracula\/","name":"Netflix anuncia la fecha de estreno de \"Dr\u00e1cula\" la adaptaci\u00f3n de los creadores de 'Sherlock' -","isPartOf":{"@id":"https:\/\/thehypegeek.com\/#website"},"primaryImageOfPage":{"@id":"https:\/\/thehypegeek.com\/index.php\/netflix-anuncia-la-fecha-de-estreno-de-dracula\/#primaryimage"},"image":{"@id":"https:\/\/thehypegeek.com\/index.php\/netflix-anuncia-la-fecha-de-estreno-de-dracula\/#primaryimage"},"thumbnailUrl":"https:\/\/thehypegeek.com\/wp-content\/uploads\/2019\/12\/dracula-trailer-2.jpg","datePublished":"2019-12-15T04:42:32+00:00","dateModified":"2019-12-15T04:45:31+00:00","description":"Dr\u00e1cula mover\u00e1 la acci\u00f3n de Transilvania a la Londres victoriana, en la que acaba de desembarcar el personaje titular encarnado por Claes Bang","breadcrumb":{"@id":"https:\/\/thehypegeek.com\/index.php\/netflix-anuncia-la-fecha-de-estreno-de-dracula\/#breadcrumb"},"inLanguage":"es-CR","potentialAction":[{"@type":"ReadAction","target":["https:\/\/thehypegeek.com\/index.php\/netflix-anuncia-la-fecha-de-estreno-de-dracula\/"]}]},{"@type":"ImageObject","inLanguage":"es-CR","@id":"https:\/\/thehypegeek.com\/index.php\/netflix-anuncia-la-fecha-de-estreno-de-dracula\/#primaryimage","url":"https:\/\/thehypegeek.com\/wp-content\/uploads\/2019\/12\/dracula-trailer-2.jpg","contentUrl":"https:\/\/thehypegeek.com\/wp-content\/uploads\/2019\/12\/dracula-trailer-2.jpg","width":1280,"height":720,"caption":"dracula bbc netflix"},{"@type":"BreadcrumbList","@id":"https:\/\/thehypegeek.com\/index.php\/netflix-anuncia-la-fecha-de-estreno-de-dracula\/#breadcrumb","itemListElement":[{"@type":"ListItem","position":1,"name":"Home","item":"https:\/\/thehypegeek.com\/"},{"@type":"ListItem","position":2,"name":"Netflix anuncia la fecha de estreno de &#8220;Dr\u00e1cula&#8221; la adaptaci\u00f3n de los creadores de &#8216;Sherlock&#8217;"}]},{"@type":"WebSite","@id":"https:\/\/thehypegeek.com\/#website","url":"https:\/\/thehypegeek.com\/","name":"The Hype Geek","description":"The Hype Geek","publisher":{"@id":"https:\/\/thehypegeek.com\/#organization"},"potentialAction":[{"@type":"SearchAction","target":{"@type":"EntryPoint","urlTemplate":"https:\/\/thehypegeek.com\/?s={search_term_string}"},"query-input":{"@type":"PropertyValueSpecification","valueRequired":true,"valueName":"search_term_string"}}],"inLanguage":"es-CR"},{"@type":"Organization","@id":"https:\/\/thehypegeek.com\/#organization","name":"The Hype Geek","url":"https:\/\/thehypegeek.com\/","logo":{"@type":"ImageObject","inLanguage":"es-CR","@id":"https:\/\/thehypegeek.com\/#\/schema\/logo\/image\/","url":"https:\/\/thehypegeek.com\/wp-content\/uploads\/2023\/03\/unnamed-1.png","contentUrl":"https:\/\/thehypegeek.com\/wp-content\/uploads\/2023\/03\/unnamed-1.png","width":210,"height":100,"caption":"The Hype Geek"},"image":{"@id":"https:\/\/thehypegeek.com\/#\/schema\/logo\/image\/"},"sameAs":["https:\/\/www.facebook.com\/THG506"]},{"@type":"Person","@id":"https:\/\/thehypegeek.com\/#\/schema\/person\/cba8a8e4df3fd0fa4f7c9c021126e2d7","name":"Jose Villarreal","image":{"@type":"ImageObject","inLanguage":"es-CR","@id":"https:\/\/secure.gravatar.com\/avatar\/4179af262013644e6df8aaefa813f5a7678766919634dde586531a1bba7edfdd?s=96&d=mm&r=g","url":"https:\/\/secure.gravatar.com\/avatar\/4179af262013644e6df8aaefa813f5a7678766919634dde586531a1bba7edfdd?s=96&d=mm&r=g","contentUrl":"https:\/\/secure.gravatar.com\/avatar\/4179af262013644e6df8aaefa813f5a7678766919634dde586531a1bba7edfdd?s=96&d=mm&r=g","caption":"Jose Villarreal"},"description":"Docente,entusiasta del PC gaming, los e-sports, la escritura, el cine, la m\u00fasica, el baile, la cultura popular\/geek y el periodismo. \u00bfVan en ese orden? \u00bfTienen alg\u00fan orden? Todas esas palabras me definen de alg\u00fan modo.","url":"https:\/\/thehypegeek.com\/index.php\/author\/admin\/"}]}},"_links":{"self":[{"href":"https:\/\/thehypegeek.com\/index.php\/wp-json\/wp\/v2\/posts\/1171","targetHints":{"allow":["GET"]}}],"collection":[{"href":"https:\/\/thehypegeek.com\/index.php\/wp-json\/wp\/v2\/posts"}],"about":[{"href":"https:\/\/thehypegeek.com\/index.php\/wp-json\/wp\/v2\/types\/post"}],"author":[{"embeddable":true,"href":"https:\/\/thehypegeek.com\/index.php\/wp-json\/wp\/v2\/users\/1"}],"replies":[{"embeddable":true,"href":"https:\/\/thehypegeek.com\/index.php\/wp-json\/wp\/v2\/comments?post=1171"}],"version-history":[{"count":4,"href":"https:\/\/thehypegeek.com\/index.php\/wp-json\/wp\/v2\/posts\/1171\/revisions"}],"predecessor-version":[{"id":1178,"href":"https:\/\/thehypegeek.com\/index.php\/wp-json\/wp\/v2\/posts\/1171\/revisions\/1178"}],"wp:featuredmedia":[{"embeddable":true,"href":"https:\/\/thehypegeek.com\/index.php\/wp-json\/wp\/v2\/media\/1172"}],"wp:attachment":[{"href":"https:\/\/thehypegeek.com\/index.php\/wp-json\/wp\/v2\/media?parent=1171"}],"wp:term":[{"taxonomy":"category","embeddable":true,"href":"https:\/\/thehypegeek.com\/index.php\/wp-json\/wp\/v2\/categories?post=1171"},{"taxonomy":"post_tag","embeddable":true,"href":"https:\/\/thehypegeek.com\/index.php\/wp-json\/wp\/v2\/tags?post=1171"}],"curies":[{"name":"wp","href":"https:\/\/api.w.org\/{rel}","templated":true}]}}