{"id":1132,"date":"2019-12-12T21:31:19","date_gmt":"2019-12-13T03:31:19","guid":{"rendered":"https:\/\/thehypegeek.com\/?p=1132"},"modified":"2019-12-12T21:31:20","modified_gmt":"2019-12-13T03:31:20","slug":"primer-trailer-oficial-de-son-of-the-forest","status":"publish","type":"post","link":"https:\/\/thehypegeek.com\/index.php\/primer-trailer-oficial-de-son-of-the-forest\/","title":{"rendered":"Se anuncia &#8220;Sons of the Forest&#8221;, la secuela del m\u00edtico t\u00edtulo de supervivencia"},"content":{"rendered":"\n<h2 class=\"wp-block-heading\">La conferencia de The Game Awards 2019 ha dedicado un espacio a presentar su primer tr\u00e1iler oficial.<\/h2>\n\n\n\n<p>Si se tuviera que elegir un t\u00edtulo de entre todos aquellos que destacan dentro del g\u00e9nero de supervivencia, uno de los que resultar\u00edan ser m\u00e1s tentador por sus trabajadas mec\u00e1nicas y por su indiscutiblemente arrebatadora ambientaci\u00f3n ser\u00eda\u00a0&#8220;The Forest&#8221;. Un t\u00edtulo que consigui\u00f3 conquistar el coraz\u00f3n de muchos desde que viera la luz en su formato early access hasta haber culminado su desarrollo con su lanzamiento oficial. Sin embargo, la franquicia estar\u00eda lejos de verse terminada si prestamos atenci\u00f3n a la reciente conferencia de\u00a0<a href=\"https:\/\/thehypegeek.com\/index.php\/godfall-trailer-de-anuncio-para-ps5\/\">The Game Awards<\/a> 2019,\u00a0la cual ha servido para que la secuela del t\u00edtulo ya mencionado haya sido anunciada\u00a0y recibir\u00e1 el nombre de\u00a0<strong>&#8220;Sons of the Forest&#8221;<\/strong>.<\/p>\n\n\n\n<p>Aunque el tr\u00e1iler  de &#8220;Son of the Forest&#8221; no arroja luz sobre las plataformas o la fecha en la que ver\u00e1 la luz, s\u00ed que hemos tenido la oportunidad de\u00a0poder echar un vistazo a la pinta que tendr\u00e1 el t\u00edtulo en acci\u00f3n. <\/p>\n\n\n\n<p>D\u00e9janos saber tu opini\u00f3n y recuerda seguirnos en nuestras redes\nsociales:<\/p>\n\n\n\n<p>Facebook:\u00a0<a href=\"https:\/\/www.facebook.com\/THG506\">The Hype Geek LATAM<\/a><br>Instagram: @crthehype<br>Youtube: The Hype Geek LATAM<\/p>\n","protected":false},"excerpt":{"rendered":"<p>La conferencia de The Game Awards 2019 ha dedicado un espacio a presentar su primer tr\u00e1iler oficial. Si se tuviera&hellip;<\/p>\n","protected":false},"author":1,"featured_media":1133,"comment_status":"open","ping_status":"open","sticky":false,"template":"","format":"video","meta":{"footnotes":""},"categories":[30,6],"tags":[350,351,349],"class_list":["post-1132","post","type-post","status-publish","format-video","has-post-thumbnail","hentry","category-noticias","category-videojuegos","tag-forest","tag-son-of-the-forest","tag-the-game-awards","post_format-post-format-video"],"yoast_head":"<!-- This site is optimized with the Yoast SEO plugin v27.3 - https:\/\/yoast.com\/product\/yoast-seo-wordpress\/ -->\n<title>Se anuncia &quot;Sons of the Forest&quot;, la secuela del m\u00edtico t\u00edtulo de supervivencia -<\/title>\n<meta name=\"description\" content=\"La conferencia de The Game Awards 2019 ha dedicado un espacio a presentar el primer tr\u00e1iler oficial de &quot;Son of the Forest&quot;.\" \/>\n<meta name=\"robots\" content=\"index, follow, max-snippet:-1, max-image-preview:large, max-video-preview:-1\" \/>\n<link rel=\"canonical\" href=\"https:\/\/thehypegeek.com\/index.php\/primer-trailer-oficial-de-son-of-the-forest\/\" \/>\n<meta name=\"twitter:label1\" content=\"Written by\" \/>\n\t<meta name=\"twitter:data1\" content=\"Jose Villarreal\" \/>\n\t<meta name=\"twitter:label2\" content=\"Est. reading time\" \/>\n\t<meta name=\"twitter:data2\" content=\"1 minuto\" \/>\n<script type=\"application\/ld+json\" class=\"yoast-schema-graph\">{\"@context\":\"https:\\\/\\\/schema.org\",\"@graph\":[{\"@type\":\"Article\",\"@id\":\"https:\\\/\\\/thehypegeek.com\\\/index.php\\\/primer-trailer-oficial-de-son-of-the-forest\\\/#article\",\"isPartOf\":{\"@id\":\"https:\\\/\\\/thehypegeek.com\\\/index.php\\\/primer-trailer-oficial-de-son-of-the-forest\\\/\"},\"author\":{\"name\":\"Jose Villarreal\",\"@id\":\"https:\\\/\\\/thehypegeek.com\\\/#\\\/schema\\\/person\\\/cba8a8e4df3fd0fa4f7c9c021126e2d7\"},\"headline\":\"Se anuncia &#8220;Sons of the Forest&#8221;, la secuela del m\u00edtico t\u00edtulo de supervivencia\",\"datePublished\":\"2019-12-13T03:31:19+00:00\",\"dateModified\":\"2019-12-13T03:31:20+00:00\",\"mainEntityOfPage\":{\"@id\":\"https:\\\/\\\/thehypegeek.com\\\/index.php\\\/primer-trailer-oficial-de-son-of-the-forest\\\/\"},\"wordCount\":225,\"commentCount\":0,\"publisher\":{\"@id\":\"https:\\\/\\\/thehypegeek.com\\\/#organization\"},\"image\":{\"@id\":\"https:\\\/\\\/thehypegeek.com\\\/index.php\\\/primer-trailer-oficial-de-son-of-the-forest\\\/#primaryimage\"},\"thumbnailUrl\":\"https:\\\/\\\/thehypegeek.com\\\/wp-content\\\/uploads\\\/2019\\\/12\\\/gameward.jpg\",\"keywords\":[\"Forest\",\"Son of the Forest\",\"The Game Awards\"],\"articleSection\":[\"Noticias\",\"videojuegos\"],\"inLanguage\":\"es-CR\",\"potentialAction\":[{\"@type\":\"CommentAction\",\"name\":\"Comment\",\"target\":[\"https:\\\/\\\/thehypegeek.com\\\/index.php\\\/primer-trailer-oficial-de-son-of-the-forest\\\/#respond\"]}]},{\"@type\":\"WebPage\",\"@id\":\"https:\\\/\\\/thehypegeek.com\\\/index.php\\\/primer-trailer-oficial-de-son-of-the-forest\\\/\",\"url\":\"https:\\\/\\\/thehypegeek.com\\\/index.php\\\/primer-trailer-oficial-de-son-of-the-forest\\\/\",\"name\":\"Se anuncia \\\"Sons of the Forest\\\", la secuela del m\u00edtico t\u00edtulo de supervivencia -\",\"isPartOf\":{\"@id\":\"https:\\\/\\\/thehypegeek.com\\\/#website\"},\"primaryImageOfPage\":{\"@id\":\"https:\\\/\\\/thehypegeek.com\\\/index.php\\\/primer-trailer-oficial-de-son-of-the-forest\\\/#primaryimage\"},\"image\":{\"@id\":\"https:\\\/\\\/thehypegeek.com\\\/index.php\\\/primer-trailer-oficial-de-son-of-the-forest\\\/#primaryimage\"},\"thumbnailUrl\":\"https:\\\/\\\/thehypegeek.com\\\/wp-content\\\/uploads\\\/2019\\\/12\\\/gameward.jpg\",\"datePublished\":\"2019-12-13T03:31:19+00:00\",\"dateModified\":\"2019-12-13T03:31:20+00:00\",\"description\":\"La conferencia de The Game Awards 2019 ha dedicado un espacio a presentar el primer tr\u00e1iler oficial de \\\"Son of the Forest\\\".\",\"breadcrumb\":{\"@id\":\"https:\\\/\\\/thehypegeek.com\\\/index.php\\\/primer-trailer-oficial-de-son-of-the-forest\\\/#breadcrumb\"},\"inLanguage\":\"es-CR\",\"potentialAction\":[{\"@type\":\"ReadAction\",\"target\":[\"https:\\\/\\\/thehypegeek.com\\\/index.php\\\/primer-trailer-oficial-de-son-of-the-forest\\\/\"]}]},{\"@type\":\"ImageObject\",\"inLanguage\":\"es-CR\",\"@id\":\"https:\\\/\\\/thehypegeek.com\\\/index.php\\\/primer-trailer-oficial-de-son-of-the-forest\\\/#primaryimage\",\"url\":\"https:\\\/\\\/thehypegeek.com\\\/wp-content\\\/uploads\\\/2019\\\/12\\\/gameward.jpg\",\"contentUrl\":\"https:\\\/\\\/thehypegeek.com\\\/wp-content\\\/uploads\\\/2019\\\/12\\\/gameward.jpg\",\"width\":1642,\"height\":964,\"caption\":\"the game awards thehypegeek\"},{\"@type\":\"BreadcrumbList\",\"@id\":\"https:\\\/\\\/thehypegeek.com\\\/index.php\\\/primer-trailer-oficial-de-son-of-the-forest\\\/#breadcrumb\",\"itemListElement\":[{\"@type\":\"ListItem\",\"position\":1,\"name\":\"Home\",\"item\":\"https:\\\/\\\/thehypegeek.com\\\/\"},{\"@type\":\"ListItem\",\"position\":2,\"name\":\"Se anuncia &#8220;Sons of the Forest&#8221;, la secuela del m\u00edtico t\u00edtulo de supervivencia\"}]},{\"@type\":\"WebSite\",\"@id\":\"https:\\\/\\\/thehypegeek.com\\\/#website\",\"url\":\"https:\\\/\\\/thehypegeek.com\\\/\",\"name\":\"The Hype Geek\",\"description\":\"The Hype Geek\",\"publisher\":{\"@id\":\"https:\\\/\\\/thehypegeek.com\\\/#organization\"},\"potentialAction\":[{\"@type\":\"SearchAction\",\"target\":{\"@type\":\"EntryPoint\",\"urlTemplate\":\"https:\\\/\\\/thehypegeek.com\\\/?s={search_term_string}\"},\"query-input\":{\"@type\":\"PropertyValueSpecification\",\"valueRequired\":true,\"valueName\":\"search_term_string\"}}],\"inLanguage\":\"es-CR\"},{\"@type\":\"Organization\",\"@id\":\"https:\\\/\\\/thehypegeek.com\\\/#organization\",\"name\":\"The Hype Geek\",\"url\":\"https:\\\/\\\/thehypegeek.com\\\/\",\"logo\":{\"@type\":\"ImageObject\",\"inLanguage\":\"es-CR\",\"@id\":\"https:\\\/\\\/thehypegeek.com\\\/#\\\/schema\\\/logo\\\/image\\\/\",\"url\":\"https:\\\/\\\/thehypegeek.com\\\/wp-content\\\/uploads\\\/2023\\\/03\\\/unnamed-1.png\",\"contentUrl\":\"https:\\\/\\\/thehypegeek.com\\\/wp-content\\\/uploads\\\/2023\\\/03\\\/unnamed-1.png\",\"width\":210,\"height\":100,\"caption\":\"The Hype Geek\"},\"image\":{\"@id\":\"https:\\\/\\\/thehypegeek.com\\\/#\\\/schema\\\/logo\\\/image\\\/\"},\"sameAs\":[\"https:\\\/\\\/www.facebook.com\\\/THG506\"]},{\"@type\":\"Person\",\"@id\":\"https:\\\/\\\/thehypegeek.com\\\/#\\\/schema\\\/person\\\/cba8a8e4df3fd0fa4f7c9c021126e2d7\",\"name\":\"Jose Villarreal\",\"image\":{\"@type\":\"ImageObject\",\"inLanguage\":\"es-CR\",\"@id\":\"https:\\\/\\\/secure.gravatar.com\\\/avatar\\\/4179af262013644e6df8aaefa813f5a7678766919634dde586531a1bba7edfdd?s=96&d=mm&r=g\",\"url\":\"https:\\\/\\\/secure.gravatar.com\\\/avatar\\\/4179af262013644e6df8aaefa813f5a7678766919634dde586531a1bba7edfdd?s=96&d=mm&r=g\",\"contentUrl\":\"https:\\\/\\\/secure.gravatar.com\\\/avatar\\\/4179af262013644e6df8aaefa813f5a7678766919634dde586531a1bba7edfdd?s=96&d=mm&r=g\",\"caption\":\"Jose Villarreal\"},\"description\":\"Docente,entusiasta del PC gaming, los e-sports, la escritura, el cine, la m\u00fasica, el baile, la cultura popular\\\/geek y el periodismo. \u00bfVan en ese orden? \u00bfTienen alg\u00fan orden? Todas esas palabras me definen de alg\u00fan modo.\",\"url\":\"https:\\\/\\\/thehypegeek.com\\\/index.php\\\/author\\\/admin\\\/\"}]}<\/script>\n<!-- \/ Yoast SEO plugin. -->","yoast_head_json":{"title":"Se anuncia \"Sons of the Forest\", la secuela del m\u00edtico t\u00edtulo de supervivencia -","description":"La conferencia de The Game Awards 2019 ha dedicado un espacio a presentar el primer tr\u00e1iler oficial de \"Son of the Forest\".","robots":{"index":"index","follow":"follow","max-snippet":"max-snippet:-1","max-image-preview":"max-image-preview:large","max-video-preview":"max-video-preview:-1"},"canonical":"https:\/\/thehypegeek.com\/index.php\/primer-trailer-oficial-de-son-of-the-forest\/","twitter_misc":{"Written by":"Jose Villarreal","Est. reading time":"1 minuto"},"schema":{"@context":"https:\/\/schema.org","@graph":[{"@type":"Article","@id":"https:\/\/thehypegeek.com\/index.php\/primer-trailer-oficial-de-son-of-the-forest\/#article","isPartOf":{"@id":"https:\/\/thehypegeek.com\/index.php\/primer-trailer-oficial-de-son-of-the-forest\/"},"author":{"name":"Jose Villarreal","@id":"https:\/\/thehypegeek.com\/#\/schema\/person\/cba8a8e4df3fd0fa4f7c9c021126e2d7"},"headline":"Se anuncia &#8220;Sons of the Forest&#8221;, la secuela del m\u00edtico t\u00edtulo de supervivencia","datePublished":"2019-12-13T03:31:19+00:00","dateModified":"2019-12-13T03:31:20+00:00","mainEntityOfPage":{"@id":"https:\/\/thehypegeek.com\/index.php\/primer-trailer-oficial-de-son-of-the-forest\/"},"wordCount":225,"commentCount":0,"publisher":{"@id":"https:\/\/thehypegeek.com\/#organization"},"image":{"@id":"https:\/\/thehypegeek.com\/index.php\/primer-trailer-oficial-de-son-of-the-forest\/#primaryimage"},"thumbnailUrl":"https:\/\/thehypegeek.com\/wp-content\/uploads\/2019\/12\/gameward.jpg","keywords":["Forest","Son of the Forest","The Game Awards"],"articleSection":["Noticias","videojuegos"],"inLanguage":"es-CR","potentialAction":[{"@type":"CommentAction","name":"Comment","target":["https:\/\/thehypegeek.com\/index.php\/primer-trailer-oficial-de-son-of-the-forest\/#respond"]}]},{"@type":"WebPage","@id":"https:\/\/thehypegeek.com\/index.php\/primer-trailer-oficial-de-son-of-the-forest\/","url":"https:\/\/thehypegeek.com\/index.php\/primer-trailer-oficial-de-son-of-the-forest\/","name":"Se anuncia \"Sons of the Forest\", la secuela del m\u00edtico t\u00edtulo de supervivencia -","isPartOf":{"@id":"https:\/\/thehypegeek.com\/#website"},"primaryImageOfPage":{"@id":"https:\/\/thehypegeek.com\/index.php\/primer-trailer-oficial-de-son-of-the-forest\/#primaryimage"},"image":{"@id":"https:\/\/thehypegeek.com\/index.php\/primer-trailer-oficial-de-son-of-the-forest\/#primaryimage"},"thumbnailUrl":"https:\/\/thehypegeek.com\/wp-content\/uploads\/2019\/12\/gameward.jpg","datePublished":"2019-12-13T03:31:19+00:00","dateModified":"2019-12-13T03:31:20+00:00","description":"La conferencia de The Game Awards 2019 ha dedicado un espacio a presentar el primer tr\u00e1iler oficial de \"Son of the Forest\".","breadcrumb":{"@id":"https:\/\/thehypegeek.com\/index.php\/primer-trailer-oficial-de-son-of-the-forest\/#breadcrumb"},"inLanguage":"es-CR","potentialAction":[{"@type":"ReadAction","target":["https:\/\/thehypegeek.com\/index.php\/primer-trailer-oficial-de-son-of-the-forest\/"]}]},{"@type":"ImageObject","inLanguage":"es-CR","@id":"https:\/\/thehypegeek.com\/index.php\/primer-trailer-oficial-de-son-of-the-forest\/#primaryimage","url":"https:\/\/thehypegeek.com\/wp-content\/uploads\/2019\/12\/gameward.jpg","contentUrl":"https:\/\/thehypegeek.com\/wp-content\/uploads\/2019\/12\/gameward.jpg","width":1642,"height":964,"caption":"the game awards thehypegeek"},{"@type":"BreadcrumbList","@id":"https:\/\/thehypegeek.com\/index.php\/primer-trailer-oficial-de-son-of-the-forest\/#breadcrumb","itemListElement":[{"@type":"ListItem","position":1,"name":"Home","item":"https:\/\/thehypegeek.com\/"},{"@type":"ListItem","position":2,"name":"Se anuncia &#8220;Sons of the Forest&#8221;, la secuela del m\u00edtico t\u00edtulo de supervivencia"}]},{"@type":"WebSite","@id":"https:\/\/thehypegeek.com\/#website","url":"https:\/\/thehypegeek.com\/","name":"The Hype Geek","description":"The Hype Geek","publisher":{"@id":"https:\/\/thehypegeek.com\/#organization"},"potentialAction":[{"@type":"SearchAction","target":{"@type":"EntryPoint","urlTemplate":"https:\/\/thehypegeek.com\/?s={search_term_string}"},"query-input":{"@type":"PropertyValueSpecification","valueRequired":true,"valueName":"search_term_string"}}],"inLanguage":"es-CR"},{"@type":"Organization","@id":"https:\/\/thehypegeek.com\/#organization","name":"The Hype Geek","url":"https:\/\/thehypegeek.com\/","logo":{"@type":"ImageObject","inLanguage":"es-CR","@id":"https:\/\/thehypegeek.com\/#\/schema\/logo\/image\/","url":"https:\/\/thehypegeek.com\/wp-content\/uploads\/2023\/03\/unnamed-1.png","contentUrl":"https:\/\/thehypegeek.com\/wp-content\/uploads\/2023\/03\/unnamed-1.png","width":210,"height":100,"caption":"The Hype Geek"},"image":{"@id":"https:\/\/thehypegeek.com\/#\/schema\/logo\/image\/"},"sameAs":["https:\/\/www.facebook.com\/THG506"]},{"@type":"Person","@id":"https:\/\/thehypegeek.com\/#\/schema\/person\/cba8a8e4df3fd0fa4f7c9c021126e2d7","name":"Jose Villarreal","image":{"@type":"ImageObject","inLanguage":"es-CR","@id":"https:\/\/secure.gravatar.com\/avatar\/4179af262013644e6df8aaefa813f5a7678766919634dde586531a1bba7edfdd?s=96&d=mm&r=g","url":"https:\/\/secure.gravatar.com\/avatar\/4179af262013644e6df8aaefa813f5a7678766919634dde586531a1bba7edfdd?s=96&d=mm&r=g","contentUrl":"https:\/\/secure.gravatar.com\/avatar\/4179af262013644e6df8aaefa813f5a7678766919634dde586531a1bba7edfdd?s=96&d=mm&r=g","caption":"Jose Villarreal"},"description":"Docente,entusiasta del PC gaming, los e-sports, la escritura, el cine, la m\u00fasica, el baile, la cultura popular\/geek y el periodismo. \u00bfVan en ese orden? \u00bfTienen alg\u00fan orden? Todas esas palabras me definen de alg\u00fan modo.","url":"https:\/\/thehypegeek.com\/index.php\/author\/admin\/"}]}},"_links":{"self":[{"href":"https:\/\/thehypegeek.com\/index.php\/wp-json\/wp\/v2\/posts\/1132","targetHints":{"allow":["GET"]}}],"collection":[{"href":"https:\/\/thehypegeek.com\/index.php\/wp-json\/wp\/v2\/posts"}],"about":[{"href":"https:\/\/thehypegeek.com\/index.php\/wp-json\/wp\/v2\/types\/post"}],"author":[{"embeddable":true,"href":"https:\/\/thehypegeek.com\/index.php\/wp-json\/wp\/v2\/users\/1"}],"replies":[{"embeddable":true,"href":"https:\/\/thehypegeek.com\/index.php\/wp-json\/wp\/v2\/comments?post=1132"}],"version-history":[{"count":1,"href":"https:\/\/thehypegeek.com\/index.php\/wp-json\/wp\/v2\/posts\/1132\/revisions"}],"predecessor-version":[{"id":1134,"href":"https:\/\/thehypegeek.com\/index.php\/wp-json\/wp\/v2\/posts\/1132\/revisions\/1134"}],"wp:featuredmedia":[{"embeddable":true,"href":"https:\/\/thehypegeek.com\/index.php\/wp-json\/wp\/v2\/media\/1133"}],"wp:attachment":[{"href":"https:\/\/thehypegeek.com\/index.php\/wp-json\/wp\/v2\/media?parent=1132"}],"wp:term":[{"taxonomy":"category","embeddable":true,"href":"https:\/\/thehypegeek.com\/index.php\/wp-json\/wp\/v2\/categories?post=1132"},{"taxonomy":"post_tag","embeddable":true,"href":"https:\/\/thehypegeek.com\/index.php\/wp-json\/wp\/v2\/tags?post=1132"}],"curies":[{"name":"wp","href":"https:\/\/api.w.org\/{rel}","templated":true}]}}