{"id":1021,"date":"2019-12-01T16:31:11","date_gmt":"2019-12-01T22:31:11","guid":{"rendered":"https:\/\/thehypegeek.com\/?p=1021"},"modified":"2019-12-01T16:31:53","modified_gmt":"2019-12-01T22:31:53","slug":"portadas-alternativas-para-wonder-woman-750","status":"publish","type":"post","link":"https:\/\/thehypegeek.com\/index.php\/portadas-alternativas-para-wonder-woman-750\/","title":{"rendered":"Impresionante portada para  Wonder Woman #750"},"content":{"rendered":"\n<h3 class=\"wp-block-heading\">El pr\u00f3ximo e hist\u00f3rico\u00a0<strong>n\u00famero 750<\/strong>\u00a0de la serie de Diana Prince llegar\u00e1  acompa\u00f1ada con espectaculares portadas alternativas  obra de los mejores dibujantes del momento.<\/h3>\n\n\n\n<p>Fue el artista\u00a0<strong>Stanley \u201cArtgerm\u201d Lau<\/strong>\u00a0quien ha revelado no una, sino tres portadas alternativas para\u00a0<strong>Wonder Woman #750<\/strong>. <strong>Artgerm<\/strong>\u00a0revel\u00f3 sus espectaculares portadas para Wonder Woman #750 en una publicaci\u00f3n en Twitter.<\/p>\n\n\n\n<p>Primero tenemos la portada principal que muestra a Wonder Woman de espaldas con la mano izquierda sobre su cadera y un \u00e1guila calva aterrizando en su brazo derecho.<\/p>\n\n\n\n<p>La segunda portada es una variante sin texto, que usa exactamente la misma ilustraci\u00f3n pero sin el logotipo de Wonder Woman ni el emblema de DC en la esquina.<\/p>\n\n\n\n<p>La tercera y \u00faltima portada da un giro hacia la vieja escuela en las obras de arte de Artgerm, con colores de estilo retro, un logotipo de Wonder Woman y el cl\u00e1sico logotipo de DC Comics utilizado por la publicaci\u00f3n de 1976 a 2005. Sin duda un estilo poco habitual en las \u00faltimas obras de este artista.<\/p>\n\n\n\n<div class=\"wp-block-image\"><figure class=\"aligncenter\"><img loading=\"lazy\" decoding=\"async\" width=\"519\" height=\"790\" src=\"https:\/\/thehypegeek.com\/wp-content\/uploads\/2019\/12\/WW1.jpg\" alt=\"impresionante portada para  Wonder Woman #750\" class=\"wp-image-1022\" srcset=\"https:\/\/thehypegeek.com\/wp-content\/uploads\/2019\/12\/WW1.jpg 519w, https:\/\/thehypegeek.com\/wp-content\/uploads\/2019\/12\/WW1-197x300.jpg 197w\" sizes=\"auto, (max-width: 519px) 100vw, 519px\" \/><figcaption>Portada Wonder Woman #750<\/figcaption><\/figure><\/div>\n\n\n\n<div class=\"wp-block-image\"><figure class=\"aligncenter\"><img loading=\"lazy\" decoding=\"async\" width=\"520\" height=\"790\" src=\"https:\/\/thehypegeek.com\/wp-content\/uploads\/2019\/12\/WW2.jpg\" alt=\"impresionante portada para  Wonder Woman #750\" class=\"wp-image-1023\" srcset=\"https:\/\/thehypegeek.com\/wp-content\/uploads\/2019\/12\/WW2.jpg 520w, https:\/\/thehypegeek.com\/wp-content\/uploads\/2019\/12\/WW2-197x300.jpg 197w\" sizes=\"auto, (max-width: 520px) 100vw, 520px\" \/><figcaption> Variante sin texto<\/figcaption><\/figure><\/div>\n\n\n\n<div class=\"wp-block-image\"><figure class=\"aligncenter\"><img loading=\"lazy\" decoding=\"async\" width=\"520\" height=\"790\" src=\"https:\/\/thehypegeek.com\/wp-content\/uploads\/2019\/12\/WW3.jpg\" alt=\"impresionante portada para  Wonder Woman #750\" class=\"wp-image-1024\" srcset=\"https:\/\/thehypegeek.com\/wp-content\/uploads\/2019\/12\/WW3.jpg 520w, https:\/\/thehypegeek.com\/wp-content\/uploads\/2019\/12\/WW3-197x300.jpg 197w\" sizes=\"auto, (max-width: 520px) 100vw, 520px\" \/><figcaption>Estilo retro<\/figcaption><\/figure><\/div>\n\n\n\n<p> <\/p>\n\n\n\n<p>El c\u00f3mic cuenta con guionistas como Greg Rucka, Gail Simone, Vita Ayala, Marguerite Bennett, Jeff Loveness, Steve Orlando, Kami Garcia, Mariko Tamaki y Shannon y Dean Hale. A ellos se unen los artistas Colleen Doran, Jes\u00fas Merino, Nicola Scott Elena Casagrande y Gabriel Picolo, entre otros.<\/p>\n\n\n\n<p><strong>Wonder Woman #750<\/strong>\u00a0saldr\u00e1 a la venta en formato prestigio de 96 p\u00e1ginas que rinde homenaje al legado de la hero\u00edna de<a href=\"https:\/\/thehypegeek.com\/index.php\/comic-wonder-woman-dead-earth\/\"> DC<\/a>, similar al Superman Action Comics #1000 y Batman\u2019s Detective Comics # 1000  con una portada principal de Jo\u00eblle Jones y saldr\u00e1\u00a0a la venta el\u00a0<strong>22 de enero de 2020<\/strong>\u00a0en Estados Unidos.  <\/p>\n\n\n\n<p>\n\nFuente:&nbsp;<a href=\"https:\/\/www.cbr.com\/wonder-woman-750-artgerm-variant-covers\/\">CBR<\/a><\/p>\n\n\n\n<p>D\u00e9janos saber tu opini\u00f3n y recuerda seguirnos en nuestras redes\nsociales:<\/p>\n\n\n\n<p>Facebook:\u00a0<a href=\"https:\/\/www.facebook.com\/THG506\">The Hype Geek LATAM<\/a><br>Instagram: @crthehype<br>Youtube: The Hype Geek LATAM<\/p>\n\n\n\n<p><\/p>\n\n\n\n<p><\/p>\n","protected":false},"excerpt":{"rendered":"<p>El pr\u00f3ximo e hist\u00f3rico\u00a0n\u00famero 750\u00a0de la serie de Diana Prince llegar\u00e1 acompa\u00f1ada con espectaculares portadas alternativas obra de los mejores&hellip;<\/p>\n","protected":false},"author":1,"featured_media":1025,"comment_status":"open","ping_status":"open","sticky":false,"template":"","format":"standard","meta":{"footnotes":""},"categories":[9],"tags":[],"class_list":["post-1021","post","type-post","status-publish","format-standard","has-post-thumbnail","hentry","category-comics"],"yoast_head":"<!-- This site is optimized with the Yoast SEO plugin v27.3 - https:\/\/yoast.com\/product\/yoast-seo-wordpress\/ -->\n<title>Impresionante portada para Wonder Woman #750 -<\/title>\n<meta name=\"description\" content=\"El artista Stanley \u201cArtgerm\u201d Lau revel\u00f3 no una , sino tres portadas alternativas para Wonder Woman #750 mediante una publicaci\u00f3n en Twitter.\" \/>\n<meta name=\"robots\" content=\"index, follow, max-snippet:-1, max-image-preview:large, max-video-preview:-1\" \/>\n<link rel=\"canonical\" href=\"https:\/\/thehypegeek.com\/index.php\/portadas-alternativas-para-wonder-woman-750\/\" \/>\n<meta name=\"twitter:label1\" content=\"Written by\" \/>\n\t<meta name=\"twitter:data1\" content=\"Jose Villarreal\" \/>\n\t<meta name=\"twitter:label2\" content=\"Est. reading time\" \/>\n\t<meta name=\"twitter:data2\" content=\"2 minutos\" \/>\n<script type=\"application\/ld+json\" class=\"yoast-schema-graph\">{\"@context\":\"https:\\\/\\\/schema.org\",\"@graph\":[{\"@type\":\"Article\",\"@id\":\"https:\\\/\\\/thehypegeek.com\\\/index.php\\\/portadas-alternativas-para-wonder-woman-750\\\/#article\",\"isPartOf\":{\"@id\":\"https:\\\/\\\/thehypegeek.com\\\/index.php\\\/portadas-alternativas-para-wonder-woman-750\\\/\"},\"author\":{\"name\":\"Jose Villarreal\",\"@id\":\"https:\\\/\\\/thehypegeek.com\\\/#\\\/schema\\\/person\\\/cba8a8e4df3fd0fa4f7c9c021126e2d7\"},\"headline\":\"Impresionante portada para Wonder Woman #750\",\"datePublished\":\"2019-12-01T22:31:11+00:00\",\"dateModified\":\"2019-12-01T22:31:53+00:00\",\"mainEntityOfPage\":{\"@id\":\"https:\\\/\\\/thehypegeek.com\\\/index.php\\\/portadas-alternativas-para-wonder-woman-750\\\/\"},\"wordCount\":316,\"commentCount\":0,\"publisher\":{\"@id\":\"https:\\\/\\\/thehypegeek.com\\\/#organization\"},\"image\":{\"@id\":\"https:\\\/\\\/thehypegeek.com\\\/index.php\\\/portadas-alternativas-para-wonder-woman-750\\\/#primaryimage\"},\"thumbnailUrl\":\"https:\\\/\\\/thehypegeek.com\\\/wp-content\\\/uploads\\\/2019\\\/12\\\/Wonder-Woman-750-portada.jpeg\",\"articleSection\":[\"comics\"],\"inLanguage\":\"es-CR\",\"potentialAction\":[{\"@type\":\"CommentAction\",\"name\":\"Comment\",\"target\":[\"https:\\\/\\\/thehypegeek.com\\\/index.php\\\/portadas-alternativas-para-wonder-woman-750\\\/#respond\"]}]},{\"@type\":\"WebPage\",\"@id\":\"https:\\\/\\\/thehypegeek.com\\\/index.php\\\/portadas-alternativas-para-wonder-woman-750\\\/\",\"url\":\"https:\\\/\\\/thehypegeek.com\\\/index.php\\\/portadas-alternativas-para-wonder-woman-750\\\/\",\"name\":\"Impresionante portada para Wonder Woman #750 -\",\"isPartOf\":{\"@id\":\"https:\\\/\\\/thehypegeek.com\\\/#website\"},\"primaryImageOfPage\":{\"@id\":\"https:\\\/\\\/thehypegeek.com\\\/index.php\\\/portadas-alternativas-para-wonder-woman-750\\\/#primaryimage\"},\"image\":{\"@id\":\"https:\\\/\\\/thehypegeek.com\\\/index.php\\\/portadas-alternativas-para-wonder-woman-750\\\/#primaryimage\"},\"thumbnailUrl\":\"https:\\\/\\\/thehypegeek.com\\\/wp-content\\\/uploads\\\/2019\\\/12\\\/Wonder-Woman-750-portada.jpeg\",\"datePublished\":\"2019-12-01T22:31:11+00:00\",\"dateModified\":\"2019-12-01T22:31:53+00:00\",\"description\":\"El artista Stanley \u201cArtgerm\u201d Lau revel\u00f3 no una , sino tres portadas alternativas para Wonder Woman #750 mediante una publicaci\u00f3n en Twitter.\",\"breadcrumb\":{\"@id\":\"https:\\\/\\\/thehypegeek.com\\\/index.php\\\/portadas-alternativas-para-wonder-woman-750\\\/#breadcrumb\"},\"inLanguage\":\"es-CR\",\"potentialAction\":[{\"@type\":\"ReadAction\",\"target\":[\"https:\\\/\\\/thehypegeek.com\\\/index.php\\\/portadas-alternativas-para-wonder-woman-750\\\/\"]}]},{\"@type\":\"ImageObject\",\"inLanguage\":\"es-CR\",\"@id\":\"https:\\\/\\\/thehypegeek.com\\\/index.php\\\/portadas-alternativas-para-wonder-woman-750\\\/#primaryimage\",\"url\":\"https:\\\/\\\/thehypegeek.com\\\/wp-content\\\/uploads\\\/2019\\\/12\\\/Wonder-Woman-750-portada.jpeg\",\"contentUrl\":\"https:\\\/\\\/thehypegeek.com\\\/wp-content\\\/uploads\\\/2019\\\/12\\\/Wonder-Woman-750-portada.jpeg\",\"width\":1200,\"height\":546,\"caption\":\"Wonder Woman #750 portada\"},{\"@type\":\"BreadcrumbList\",\"@id\":\"https:\\\/\\\/thehypegeek.com\\\/index.php\\\/portadas-alternativas-para-wonder-woman-750\\\/#breadcrumb\",\"itemListElement\":[{\"@type\":\"ListItem\",\"position\":1,\"name\":\"Home\",\"item\":\"https:\\\/\\\/thehypegeek.com\\\/\"},{\"@type\":\"ListItem\",\"position\":2,\"name\":\"Impresionante portada para Wonder Woman #750\"}]},{\"@type\":\"WebSite\",\"@id\":\"https:\\\/\\\/thehypegeek.com\\\/#website\",\"url\":\"https:\\\/\\\/thehypegeek.com\\\/\",\"name\":\"The Hype Geek\",\"description\":\"The Hype Geek\",\"publisher\":{\"@id\":\"https:\\\/\\\/thehypegeek.com\\\/#organization\"},\"potentialAction\":[{\"@type\":\"SearchAction\",\"target\":{\"@type\":\"EntryPoint\",\"urlTemplate\":\"https:\\\/\\\/thehypegeek.com\\\/?s={search_term_string}\"},\"query-input\":{\"@type\":\"PropertyValueSpecification\",\"valueRequired\":true,\"valueName\":\"search_term_string\"}}],\"inLanguage\":\"es-CR\"},{\"@type\":\"Organization\",\"@id\":\"https:\\\/\\\/thehypegeek.com\\\/#organization\",\"name\":\"The Hype Geek\",\"url\":\"https:\\\/\\\/thehypegeek.com\\\/\",\"logo\":{\"@type\":\"ImageObject\",\"inLanguage\":\"es-CR\",\"@id\":\"https:\\\/\\\/thehypegeek.com\\\/#\\\/schema\\\/logo\\\/image\\\/\",\"url\":\"https:\\\/\\\/thehypegeek.com\\\/wp-content\\\/uploads\\\/2023\\\/03\\\/unnamed-1.png\",\"contentUrl\":\"https:\\\/\\\/thehypegeek.com\\\/wp-content\\\/uploads\\\/2023\\\/03\\\/unnamed-1.png\",\"width\":210,\"height\":100,\"caption\":\"The Hype Geek\"},\"image\":{\"@id\":\"https:\\\/\\\/thehypegeek.com\\\/#\\\/schema\\\/logo\\\/image\\\/\"},\"sameAs\":[\"https:\\\/\\\/www.facebook.com\\\/THG506\"]},{\"@type\":\"Person\",\"@id\":\"https:\\\/\\\/thehypegeek.com\\\/#\\\/schema\\\/person\\\/cba8a8e4df3fd0fa4f7c9c021126e2d7\",\"name\":\"Jose Villarreal\",\"image\":{\"@type\":\"ImageObject\",\"inLanguage\":\"es-CR\",\"@id\":\"https:\\\/\\\/secure.gravatar.com\\\/avatar\\\/4179af262013644e6df8aaefa813f5a7678766919634dde586531a1bba7edfdd?s=96&d=mm&r=g\",\"url\":\"https:\\\/\\\/secure.gravatar.com\\\/avatar\\\/4179af262013644e6df8aaefa813f5a7678766919634dde586531a1bba7edfdd?s=96&d=mm&r=g\",\"contentUrl\":\"https:\\\/\\\/secure.gravatar.com\\\/avatar\\\/4179af262013644e6df8aaefa813f5a7678766919634dde586531a1bba7edfdd?s=96&d=mm&r=g\",\"caption\":\"Jose Villarreal\"},\"description\":\"Docente,entusiasta del PC gaming, los e-sports, la escritura, el cine, la m\u00fasica, el baile, la cultura popular\\\/geek y el periodismo. \u00bfVan en ese orden? \u00bfTienen alg\u00fan orden? Todas esas palabras me definen de alg\u00fan modo.\",\"url\":\"https:\\\/\\\/thehypegeek.com\\\/index.php\\\/author\\\/admin\\\/\"}]}<\/script>\n<!-- \/ Yoast SEO plugin. -->","yoast_head_json":{"title":"Impresionante portada para Wonder Woman #750 -","description":"El artista Stanley \u201cArtgerm\u201d Lau revel\u00f3 no una , sino tres portadas alternativas para Wonder Woman #750 mediante una publicaci\u00f3n en Twitter.","robots":{"index":"index","follow":"follow","max-snippet":"max-snippet:-1","max-image-preview":"max-image-preview:large","max-video-preview":"max-video-preview:-1"},"canonical":"https:\/\/thehypegeek.com\/index.php\/portadas-alternativas-para-wonder-woman-750\/","twitter_misc":{"Written by":"Jose Villarreal","Est. reading time":"2 minutos"},"schema":{"@context":"https:\/\/schema.org","@graph":[{"@type":"Article","@id":"https:\/\/thehypegeek.com\/index.php\/portadas-alternativas-para-wonder-woman-750\/#article","isPartOf":{"@id":"https:\/\/thehypegeek.com\/index.php\/portadas-alternativas-para-wonder-woman-750\/"},"author":{"name":"Jose Villarreal","@id":"https:\/\/thehypegeek.com\/#\/schema\/person\/cba8a8e4df3fd0fa4f7c9c021126e2d7"},"headline":"Impresionante portada para Wonder Woman #750","datePublished":"2019-12-01T22:31:11+00:00","dateModified":"2019-12-01T22:31:53+00:00","mainEntityOfPage":{"@id":"https:\/\/thehypegeek.com\/index.php\/portadas-alternativas-para-wonder-woman-750\/"},"wordCount":316,"commentCount":0,"publisher":{"@id":"https:\/\/thehypegeek.com\/#organization"},"image":{"@id":"https:\/\/thehypegeek.com\/index.php\/portadas-alternativas-para-wonder-woman-750\/#primaryimage"},"thumbnailUrl":"https:\/\/thehypegeek.com\/wp-content\/uploads\/2019\/12\/Wonder-Woman-750-portada.jpeg","articleSection":["comics"],"inLanguage":"es-CR","potentialAction":[{"@type":"CommentAction","name":"Comment","target":["https:\/\/thehypegeek.com\/index.php\/portadas-alternativas-para-wonder-woman-750\/#respond"]}]},{"@type":"WebPage","@id":"https:\/\/thehypegeek.com\/index.php\/portadas-alternativas-para-wonder-woman-750\/","url":"https:\/\/thehypegeek.com\/index.php\/portadas-alternativas-para-wonder-woman-750\/","name":"Impresionante portada para Wonder Woman #750 -","isPartOf":{"@id":"https:\/\/thehypegeek.com\/#website"},"primaryImageOfPage":{"@id":"https:\/\/thehypegeek.com\/index.php\/portadas-alternativas-para-wonder-woman-750\/#primaryimage"},"image":{"@id":"https:\/\/thehypegeek.com\/index.php\/portadas-alternativas-para-wonder-woman-750\/#primaryimage"},"thumbnailUrl":"https:\/\/thehypegeek.com\/wp-content\/uploads\/2019\/12\/Wonder-Woman-750-portada.jpeg","datePublished":"2019-12-01T22:31:11+00:00","dateModified":"2019-12-01T22:31:53+00:00","description":"El artista Stanley \u201cArtgerm\u201d Lau revel\u00f3 no una , sino tres portadas alternativas para Wonder Woman #750 mediante una publicaci\u00f3n en Twitter.","breadcrumb":{"@id":"https:\/\/thehypegeek.com\/index.php\/portadas-alternativas-para-wonder-woman-750\/#breadcrumb"},"inLanguage":"es-CR","potentialAction":[{"@type":"ReadAction","target":["https:\/\/thehypegeek.com\/index.php\/portadas-alternativas-para-wonder-woman-750\/"]}]},{"@type":"ImageObject","inLanguage":"es-CR","@id":"https:\/\/thehypegeek.com\/index.php\/portadas-alternativas-para-wonder-woman-750\/#primaryimage","url":"https:\/\/thehypegeek.com\/wp-content\/uploads\/2019\/12\/Wonder-Woman-750-portada.jpeg","contentUrl":"https:\/\/thehypegeek.com\/wp-content\/uploads\/2019\/12\/Wonder-Woman-750-portada.jpeg","width":1200,"height":546,"caption":"Wonder Woman #750 portada"},{"@type":"BreadcrumbList","@id":"https:\/\/thehypegeek.com\/index.php\/portadas-alternativas-para-wonder-woman-750\/#breadcrumb","itemListElement":[{"@type":"ListItem","position":1,"name":"Home","item":"https:\/\/thehypegeek.com\/"},{"@type":"ListItem","position":2,"name":"Impresionante portada para Wonder Woman #750"}]},{"@type":"WebSite","@id":"https:\/\/thehypegeek.com\/#website","url":"https:\/\/thehypegeek.com\/","name":"The Hype Geek","description":"The Hype Geek","publisher":{"@id":"https:\/\/thehypegeek.com\/#organization"},"potentialAction":[{"@type":"SearchAction","target":{"@type":"EntryPoint","urlTemplate":"https:\/\/thehypegeek.com\/?s={search_term_string}"},"query-input":{"@type":"PropertyValueSpecification","valueRequired":true,"valueName":"search_term_string"}}],"inLanguage":"es-CR"},{"@type":"Organization","@id":"https:\/\/thehypegeek.com\/#organization","name":"The Hype Geek","url":"https:\/\/thehypegeek.com\/","logo":{"@type":"ImageObject","inLanguage":"es-CR","@id":"https:\/\/thehypegeek.com\/#\/schema\/logo\/image\/","url":"https:\/\/thehypegeek.com\/wp-content\/uploads\/2023\/03\/unnamed-1.png","contentUrl":"https:\/\/thehypegeek.com\/wp-content\/uploads\/2023\/03\/unnamed-1.png","width":210,"height":100,"caption":"The Hype Geek"},"image":{"@id":"https:\/\/thehypegeek.com\/#\/schema\/logo\/image\/"},"sameAs":["https:\/\/www.facebook.com\/THG506"]},{"@type":"Person","@id":"https:\/\/thehypegeek.com\/#\/schema\/person\/cba8a8e4df3fd0fa4f7c9c021126e2d7","name":"Jose Villarreal","image":{"@type":"ImageObject","inLanguage":"es-CR","@id":"https:\/\/secure.gravatar.com\/avatar\/4179af262013644e6df8aaefa813f5a7678766919634dde586531a1bba7edfdd?s=96&d=mm&r=g","url":"https:\/\/secure.gravatar.com\/avatar\/4179af262013644e6df8aaefa813f5a7678766919634dde586531a1bba7edfdd?s=96&d=mm&r=g","contentUrl":"https:\/\/secure.gravatar.com\/avatar\/4179af262013644e6df8aaefa813f5a7678766919634dde586531a1bba7edfdd?s=96&d=mm&r=g","caption":"Jose Villarreal"},"description":"Docente,entusiasta del PC gaming, los e-sports, la escritura, el cine, la m\u00fasica, el baile, la cultura popular\/geek y el periodismo. \u00bfVan en ese orden? \u00bfTienen alg\u00fan orden? Todas esas palabras me definen de alg\u00fan modo.","url":"https:\/\/thehypegeek.com\/index.php\/author\/admin\/"}]}},"_links":{"self":[{"href":"https:\/\/thehypegeek.com\/index.php\/wp-json\/wp\/v2\/posts\/1021","targetHints":{"allow":["GET"]}}],"collection":[{"href":"https:\/\/thehypegeek.com\/index.php\/wp-json\/wp\/v2\/posts"}],"about":[{"href":"https:\/\/thehypegeek.com\/index.php\/wp-json\/wp\/v2\/types\/post"}],"author":[{"embeddable":true,"href":"https:\/\/thehypegeek.com\/index.php\/wp-json\/wp\/v2\/users\/1"}],"replies":[{"embeddable":true,"href":"https:\/\/thehypegeek.com\/index.php\/wp-json\/wp\/v2\/comments?post=1021"}],"version-history":[{"count":3,"href":"https:\/\/thehypegeek.com\/index.php\/wp-json\/wp\/v2\/posts\/1021\/revisions"}],"predecessor-version":[{"id":1028,"href":"https:\/\/thehypegeek.com\/index.php\/wp-json\/wp\/v2\/posts\/1021\/revisions\/1028"}],"wp:featuredmedia":[{"embeddable":true,"href":"https:\/\/thehypegeek.com\/index.php\/wp-json\/wp\/v2\/media\/1025"}],"wp:attachment":[{"href":"https:\/\/thehypegeek.com\/index.php\/wp-json\/wp\/v2\/media?parent=1021"}],"wp:term":[{"taxonomy":"category","embeddable":true,"href":"https:\/\/thehypegeek.com\/index.php\/wp-json\/wp\/v2\/categories?post=1021"},{"taxonomy":"post_tag","embeddable":true,"href":"https:\/\/thehypegeek.com\/index.php\/wp-json\/wp\/v2\/tags?post=1021"}],"curies":[{"name":"wp","href":"https:\/\/api.w.org\/{rel}","templated":true}]}}